{"id":9380,"date":"2019-06-10T14:13:16","date_gmt":"2019-06-10T12:13:16","guid":{"rendered":"https:\/\/blog.empikfoto.pl\/?p=9380"},"modified":"2023-07-31T09:58:14","modified_gmt":"2023-07-31T07:58:14","slug":"personalizowany-prezent-dla-taty","status":"publish","type":"post","link":"https:\/\/www.empikfoto.pl\/blog\/personalizowany-prezent-dla-taty\/","title":{"rendered":"Prezent dla taty \u2013 co wybra\u0107? Personalizowany prezent!"},"content":{"rendered":"<p><strong>Tata to jedna z dw\u00f3ch najwa\u017cniejszych os\u00f3b w \u017cyciu dziecka. To on uczy jazdy na rowerze, podrzuca pod niebo, buduje niesamowite zamki z klock\u00f3w, wyg\u0142upia si\u0119 i sprawia, \u017ce nie ma nic niemo\u017cliwego. Jest najlepszym kompanem do zabawy, ale tak\u017ce przyjacielem! Warto podzi\u0119kowa\u0107 mu za t\u0119 wa\u017cn\u0105 obecno\u015b\u0107 wyj\u0105tkowym podarunkiem. Sprawd\u017a, jaki wybra\u0107 prezent dla taty! A Dzie\u0144 Ojca \u2013 23 czerwca \u2013 to idealny moment, aby to zrobi\u0107. <\/strong><!--more--><\/p>\n<p>Szukasz pomys\u0142u na prezent na Dzie\u0144 Ojca? Aby trafi\u0107 w gusta taty, <strong>zastan\u00f3w si\u0119, czym si\u0119 interesuje<\/strong>. To znacznie u\u0142atwi poszukiwania idealnego upominku. A je\u015bli potrzebujesz inspiracji do tego, jak upami\u0119tni\u0107 wsp\u00f3lnie sp\u0119dzone z nim chwile, sprawd\u017a co przygotowali\u015bmy!<\/p>\n<h2><strong>Tanie prezenty dla taty na Dzie\u0144 Ojca<\/strong><\/h2>\n<p>Nie mieszkasz ju\u017c w domu? Mimo to chcia\u0142by\u015b towarzyszy\u0107 tacie podczas codziennych czynno\u015bci? Co powiesz na sprawdzone i tanie gad\u017cety z w\u0142asnym zdj\u0119ciem? Takim, kt\u00f3re b\u0119dzie mu przypomina\u0142o o Twojej obecno\u015bci. Co wybra\u0107?<\/p>\n<ul>\n<li><a href=\"https:\/\/www.empikfoto.pl\/fotoprezenty\/fotokubki-rodzaje\"><strong>Fotokubek z nadrukiem<\/strong><\/a><\/li>\n<\/ul>\n<p>Do wyboru jest kilka rodzaj\u00f3w naczy\u0144 o r\u00f3\u017cnych pojemno\u015bciach! Dzi\u0119ki temu mo\u017cesz znale\u017a\u0107 idealny kubek dla taty. Je\u015bli jest smakoszem kawy, zdecyduj si\u0119 np. na szklank\u0119 do latte. Bardzo zabawny jest magiczny kubek \u2013 grafika zmienia si\u0119 pod wp\u0142ywem ciep\u0142a!<\/p>\n<p><a href=\"https:\/\/www.empikfoto.pl\/kubek,tato-numer-1\"><img loading=\"lazy\" decoding=\"async\" class=\"aligncenter size-full wp-image-9421\" src=\"https:\/\/blog.empikfoto.pl\/empikfoto\/2020\/05\/kubek-dla-taty.jpg\" alt=\"kubek-dla-taty\" width=\"500\" height=\"400\" srcset=\"https:\/\/www.empikfoto.pl\/blog\/empikfoto\/2020\/05\/kubek-dla-taty.jpg 500w, https:\/\/www.empikfoto.pl\/blog\/empikfoto\/2020\/05\/kubek-dla-taty-300x240.jpg 300w, https:\/\/www.empikfoto.pl\/blog\/empikfoto\/2020\/05\/kubek-dla-taty-400x320.jpg 400w\" sizes=\"auto, (max-width: 500px) 100vw, 500px\" \/><\/a><\/p>\n<p>Zamie\u015b\u0107 na tym przedmiocie Wasze wsp\u00f3lne zdj\u0119cie. Nap\u00f3j podany w takim naczyniu na pewno wywo\u0142a u\u015bmiech na twarzy obdarowanego!<\/p>\n<ul>\n<li><a href=\"https:\/\/www.empikfoto.pl\/fotoprezenty\/etui-rodzaje\"><strong>Etui na telefon<\/strong><\/a><\/li>\n<\/ul>\n<p>Telefon to teraz niezb\u0119dne urz\u0105dzenie \u2013 ka\u017cdy ma go zawsze przy sobie. Dlatego, aby tata m\u00f3g\u0142 mie\u0107 Ci\u0119 zawsze przy sobie, zaprojektuj etui na telefon ze zdj\u0119ciem. Wybierz tak\u0105 fotografi\u0119, na kt\u00f3rej macie \u015bmieszne miny, dodaj weso\u0142y napis, kliparty i ciesz si\u0119 niebanalnym <strong>drobiazgiem na Dzie\u0144 Ojca<\/strong>!<\/p>\n<h2><strong>Prezent dla taty od noworodka<\/strong><\/h2>\n<p>Pierwszy Dzie\u0144 Ojca po przyj\u015bciu na \u015bwiat potomka to wyj\u0105tkowe wydarzenie w \u017cyciu ka\u017cdego m\u0119\u017cczyzny. W ko\u0144cu nie codziennie zostaje si\u0119 tat\u0105! Takie chwile warto celebrowa\u0107. Ze wzgl\u0119du na wiek dziecka, upominkiem musi si\u0119 zaj\u0105\u0107 mama. Co wi\u0119c mo\u017cna wybra\u0107 dla partnera na <a href=\"https:\/\/www.empikfoto.pl\/prezenty-dla-taty\"><strong>fajny prezent na Dzie\u0144 Taty<\/strong><\/a>?<\/p>\n<ul>\n<li><strong>koszulka ze zdj\u0119ciem malucha<\/strong><\/li>\n<\/ul>\n<p>Na pewno uda\u0142o Ci si\u0119 zrobi\u0107 dziecku zdj\u0119cie ze \u015bmieszn\u0105 min\u0105! Wykorzystaj t\u0119 fotografi\u0119 do stworzenia <strong>nietypowego prezentu na Dzie\u0144 Ojca<\/strong> \u2013<a href=\"https:\/\/www.empikfoto.pl\/fotoprezenty\/fotokoszulki\"><strong> koszulki z nadrukiem<\/strong><\/a>. Dodaj zabawny tekst i nie zapomnij o wybraniu odpowiedniego rozmiaru \u2013 w tym celu dok\u0142adnie przeanalizuj tabel\u0119 z wymiarami produktu. \u015awie\u017co upieczony tata na pewno z dum\u0105 b\u0119dzie nosi\u0107 taki t-shirt!<\/p>\n<ul>\n<li><strong>fartuch kucharski<\/strong><\/li>\n<\/ul>\n<p>Tata uwielbia gotowa\u0107? Doce\u0144 jego talent i podaruj mu personalizowany <strong><a href=\"https:\/\/www.empikfoto.pl\/fotoprezenty\/fartuchy-z-nadrukiem\">fartuch z nadrukiem<\/a><\/strong>. Najlepiej sprawdzi si\u0119 \u017cartobliwy napis, kt\u00f3ry nawi\u0105\u017ce do codziennych sytuacji np. \u201eTw\u00f3rca nale\u015bnik\u00f3w idealnych!\u201d albo \u201cJak tata gotuje, to pysznie smakuje!\u201d.\u00a0 Taki <strong>\u015bmieszny prezent na Dzie\u0144 Taty<\/strong> na pewno sprawi przyjemno\u015b\u0107.<\/p>\n<h2><strong>Fajne pomys\u0142y na Dzie\u0144 Ojca<\/strong><\/h2>\n<p>Nie chcesz si\u0119ga\u0107 po gotowe rozwi\u0105zania? Co powiesz na <strong>kreatywny prezent na Dzie\u0144 Ojca<\/strong>, kt\u00f3ry z pewno\u015bci\u0105 przypadnie mu do gustu? Stw\u00f3rz w\u0142asnor\u0119cznie <strong><a href=\"https:\/\/www.empikfoto.pl\/wystroj-wnetrz\/fotoplakaty\">personalizowany fotoplakat<\/a><\/strong>!<\/p>\n<p>Biuro Twojego taty wygl\u0105da do\u015b\u0107 surowo? <strong>Fotoplakat z rodzinnymi zdj\u0119ciami to idealny spos\u00f3b na ocieplenie wn\u0119trza.<\/strong> Do wyboru masz wiele opcji \u2013 mo\u017cesz skorzysta\u0107 z gotowych szablon\u00f3w dost\u0119pnych na Empik Foto, jak r\u00f3wnie\u017c samodzielnie stworzy\u0107 co\u015b wyj\u0105tkowego. Widok waszych u\u015bmiechni\u0119tych twarzy na fotoplakacie b\u0119dzie ogromnym wsparciem dla taty podczas trudnych, zawodowych wyzwa\u0144.<\/p>\n<p><a href=\"https:\/\/www.empikfoto.pl\/plakat,szalony-mis-czarna-ramka\"><img loading=\"lazy\" decoding=\"async\" class=\"aligncenter size-full wp-image-9420\" src=\"https:\/\/blog.empikfoto.pl\/empikfoto\/2020\/05\/szalonymis-pion-czarny_5eb31335bcef9.jpg\" alt=\"plakat-dla-taty-smieszny\" width=\"311\" height=\"435\" srcset=\"https:\/\/www.empikfoto.pl\/blog\/empikfoto\/2020\/05\/szalonymis-pion-czarny_5eb31335bcef9.jpg 311w, https:\/\/www.empikfoto.pl\/blog\/empikfoto\/2020\/05\/szalonymis-pion-czarny_5eb31335bcef9-214x300.jpg 214w\" sizes=\"auto, (max-width: 311px) 100vw, 311px\" \/><\/a><\/p>\n<p>Wybra\u0142e\u015b idealny <a href=\"https:\/\/www.empikfoto.pl\/prezenty-dla-taty\"><strong>prezent dla taty na Dzie\u0144 Taty<\/strong><\/a>? Teraz zosta\u0142o Ci go odpowiednio zapakowa\u0107. <strong><a href=\"https:\/\/www.empikfoto.pl\/fotoprezenty\/torby-rodzaje\">Torba ze zdj\u0119ciem<\/a><\/strong> wspaniale uzupe\u0142ni Tw\u00f3j podarunek. Nie zwlekaj, tylko zacznij projektowa\u0107!<\/p>\n","protected":false},"excerpt":{"rendered":"<p>Tata to jedna z dw\u00f3ch najwa\u017cniejszych os\u00f3b w \u017cyciu dziecka. To on uczy jazdy na rowerze, podrzuca pod niebo, buduje niesamowite zamki z klock\u00f3w, wyg\u0142upia si\u0119 i sprawia, \u017ce nie ma nic niemo\u017cliwego. Jest najlepszym kompanem do zabawy, ale tak\u017ce przyjacielem! Warto podzi\u0119kowa\u0107 mu za t\u0119 wa\u017cn\u0105 obecno\u015b\u0107 wyj\u0105tkowym podarunkiem. Sprawd\u017a, jaki wybra\u0107 prezent dla taty! A Dzie\u0144 Ojca \u2013 23 czerwca \u2013 to idealny moment, aby to zrobi\u0107.<\/p>\n","protected":false},"author":16,"featured_media":9422,"comment_status":"closed","ping_status":"closed","sticky":false,"template":"","format":"standard","meta":{"footnotes":""},"categories":[113],"tags":[],"class_list":["post-9380","post","type-post","status-publish","format-standard","has-post-thumbnail","hentry","category-pomysl-na-prezent"],"yoast_head":"<!-- This site is optimized with the Yoast SEO plugin v27.5 - https:\/\/yoast.com\/product\/yoast-seo-wordpress\/ -->\n<title>Prezent dla taty \u2013 co wybra\u0107? Personalizowany prezent! | Empik Foto<\/title>\n<meta name=\"description\" content=\"Odkryj pomys\u0142y na personalizowany prezent dla taty. Nasz poradnik pomo\u017ce Ci znale\u017a\u0107 wyj\u0105tkowy upominek, kt\u00f3ry z pewno\u015bci\u0105 go zachwyci.\" \/>\n<meta name=\"robots\" content=\"index, follow, max-snippet:-1, max-image-preview:large, max-video-preview:-1\" \/>\n<link rel=\"canonical\" href=\"https:\/\/www.empikfoto.pl\/blog\/personalizowany-prezent-dla-taty\/\" \/>\n<meta property=\"og:locale\" content=\"pl_PL\" \/>\n<meta property=\"og:type\" content=\"article\" \/>\n<meta property=\"og:title\" content=\"Prezent dla taty \u2013 co wybra\u0107? Personalizowany prezent! | Empik Foto\" \/>\n<meta property=\"og:description\" content=\"Odkryj pomys\u0142y na personalizowany prezent dla taty. Nasz poradnik pomo\u017ce Ci znale\u017a\u0107 wyj\u0105tkowy upominek, kt\u00f3ry z pewno\u015bci\u0105 go zachwyci.\" \/>\n<meta property=\"og:url\" content=\"https:\/\/www.empikfoto.pl\/blog\/personalizowany-prezent-dla-taty\/\" \/>\n<meta property=\"og:site_name\" content=\"blog.empikfoto.pl\" \/>\n<meta property=\"article:publisher\" content=\"https:\/\/www.facebook.com\/empikfotopl\/\" \/>\n<meta property=\"article:published_time\" content=\"2019-06-10T12:13:16+00:00\" \/>\n<meta property=\"article:modified_time\" content=\"2023-07-31T07:58:14+00:00\" \/>\n<meta property=\"og:image\" content=\"https:\/\/www.empikfoto.pl\/blog\/empikfoto\/2020\/05\/prezent-dla-taty-1-scaled.jpg\" \/>\n\t<meta property=\"og:image:width\" content=\"2560\" \/>\n\t<meta property=\"og:image:height\" content=\"1707\" \/>\n\t<meta property=\"og:image:type\" content=\"image\/jpeg\" \/>\n<meta name=\"author\" content=\"Patrycja\" \/>\n<meta name=\"twitter:card\" content=\"summary_large_image\" \/>\n<meta name=\"twitter:creator\" content=\"@empikfoto\" \/>\n<meta name=\"twitter:site\" content=\"@empikfoto\" \/>\n<meta name=\"twitter:label1\" content=\"Napisane przez\" \/>\n\t<meta name=\"twitter:data1\" content=\"Patrycja\" \/>\n\t<meta name=\"twitter:label2\" content=\"Szacowany czas czytania\" \/>\n\t<meta name=\"twitter:data2\" content=\"4 minuty\" \/>\n<script type=\"application\/ld+json\" class=\"yoast-schema-graph\">{\"@context\":\"https:\\\/\\\/schema.org\",\"@graph\":[{\"@type\":\"Article\",\"@id\":\"https:\\\/\\\/www.empikfoto.pl\\\/blog\\\/personalizowany-prezent-dla-taty\\\/#article\",\"isPartOf\":{\"@id\":\"https:\\\/\\\/www.empikfoto.pl\\\/blog\\\/personalizowany-prezent-dla-taty\\\/\"},\"author\":{\"name\":\"Patrycja\",\"@id\":\"https:\\\/\\\/www.empikfoto.pl\\\/blog\\\/#\\\/schema\\\/person\\\/0313802ca5dac502e3266853c59632c0\"},\"headline\":\"Prezent dla taty \u2013 co wybra\u0107? Personalizowany prezent!\",\"datePublished\":\"2019-06-10T12:13:16+00:00\",\"dateModified\":\"2023-07-31T07:58:14+00:00\",\"mainEntityOfPage\":{\"@id\":\"https:\\\/\\\/www.empikfoto.pl\\\/blog\\\/personalizowany-prezent-dla-taty\\\/\"},\"wordCount\":617,\"image\":{\"@id\":\"https:\\\/\\\/www.empikfoto.pl\\\/blog\\\/personalizowany-prezent-dla-taty\\\/#primaryimage\"},\"thumbnailUrl\":\"https:\\\/\\\/www.empikfoto.pl\\\/blog\\\/empikfoto\\\/2020\\\/05\\\/prezent-dla-taty-1-scaled.jpg\",\"articleSection\":[\"Pomys\u0142 na prezent\"],\"inLanguage\":\"pl-PL\"},{\"@type\":\"WebPage\",\"@id\":\"https:\\\/\\\/www.empikfoto.pl\\\/blog\\\/personalizowany-prezent-dla-taty\\\/\",\"url\":\"https:\\\/\\\/www.empikfoto.pl\\\/blog\\\/personalizowany-prezent-dla-taty\\\/\",\"name\":\"Prezent dla taty \u2013 co wybra\u0107? Personalizowany prezent! | Empik Foto\",\"isPartOf\":{\"@id\":\"https:\\\/\\\/www.empikfoto.pl\\\/blog\\\/#website\"},\"primaryImageOfPage\":{\"@id\":\"https:\\\/\\\/www.empikfoto.pl\\\/blog\\\/personalizowany-prezent-dla-taty\\\/#primaryimage\"},\"image\":{\"@id\":\"https:\\\/\\\/www.empikfoto.pl\\\/blog\\\/personalizowany-prezent-dla-taty\\\/#primaryimage\"},\"thumbnailUrl\":\"https:\\\/\\\/www.empikfoto.pl\\\/blog\\\/empikfoto\\\/2020\\\/05\\\/prezent-dla-taty-1-scaled.jpg\",\"datePublished\":\"2019-06-10T12:13:16+00:00\",\"dateModified\":\"2023-07-31T07:58:14+00:00\",\"author\":{\"@id\":\"https:\\\/\\\/www.empikfoto.pl\\\/blog\\\/#\\\/schema\\\/person\\\/0313802ca5dac502e3266853c59632c0\"},\"description\":\"Odkryj pomys\u0142y na personalizowany prezent dla taty. Nasz poradnik pomo\u017ce Ci znale\u017a\u0107 wyj\u0105tkowy upominek, kt\u00f3ry z pewno\u015bci\u0105 go zachwyci.\",\"breadcrumb\":{\"@id\":\"https:\\\/\\\/www.empikfoto.pl\\\/blog\\\/personalizowany-prezent-dla-taty\\\/#breadcrumb\"},\"inLanguage\":\"pl-PL\",\"potentialAction\":[{\"@type\":\"ReadAction\",\"target\":[\"https:\\\/\\\/www.empikfoto.pl\\\/blog\\\/personalizowany-prezent-dla-taty\\\/\"]}]},{\"@type\":\"ImageObject\",\"inLanguage\":\"pl-PL\",\"@id\":\"https:\\\/\\\/www.empikfoto.pl\\\/blog\\\/personalizowany-prezent-dla-taty\\\/#primaryimage\",\"url\":\"https:\\\/\\\/www.empikfoto.pl\\\/blog\\\/empikfoto\\\/2020\\\/05\\\/prezent-dla-taty-1-scaled.jpg\",\"contentUrl\":\"https:\\\/\\\/www.empikfoto.pl\\\/blog\\\/empikfoto\\\/2020\\\/05\\\/prezent-dla-taty-1-scaled.jpg\",\"width\":2560,\"height\":1707,\"caption\":\"prezent-dla-taty\"},{\"@type\":\"BreadcrumbList\",\"@id\":\"https:\\\/\\\/www.empikfoto.pl\\\/blog\\\/personalizowany-prezent-dla-taty\\\/#breadcrumb\",\"itemListElement\":[{\"@type\":\"ListItem\",\"position\":1,\"name\":\"Strona g\u0142\u00f3wna\",\"item\":\"https:\\\/\\\/www.empikfoto.pl\\\/blog\\\/\"},{\"@type\":\"ListItem\",\"position\":2,\"name\":\"Prezent dla taty \u2013 co wybra\u0107? Personalizowany prezent!\"}]},{\"@type\":\"WebSite\",\"@id\":\"https:\\\/\\\/www.empikfoto.pl\\\/blog\\\/#website\",\"url\":\"https:\\\/\\\/www.empikfoto.pl\\\/blog\\\/\",\"name\":\"blog.empikfoto.pl\",\"description\":\"Poznaj empikfoto.pl od \u015brodka! Dowiedz si\u0119 wi\u0119cej o odbitkach, fotoksi\u0105\u017ckach i fotografii.\",\"potentialAction\":[{\"@type\":\"SearchAction\",\"target\":{\"@type\":\"EntryPoint\",\"urlTemplate\":\"https:\\\/\\\/www.empikfoto.pl\\\/blog\\\/?s={search_term_string}\"},\"query-input\":{\"@type\":\"PropertyValueSpecification\",\"valueRequired\":true,\"valueName\":\"search_term_string\"}}],\"inLanguage\":\"pl-PL\"},{\"@type\":\"Person\",\"@id\":\"https:\\\/\\\/www.empikfoto.pl\\\/blog\\\/#\\\/schema\\\/person\\\/0313802ca5dac502e3266853c59632c0\",\"name\":\"Patrycja\",\"image\":{\"@type\":\"ImageObject\",\"inLanguage\":\"pl-PL\",\"@id\":\"https:\\\/\\\/secure.gravatar.com\\\/avatar\\\/f25168e12215ad42f58e5fb72881daaeb57bd4f907081046016f64bf167db59f?s=96&d=identicon&r=g\",\"url\":\"https:\\\/\\\/secure.gravatar.com\\\/avatar\\\/f25168e12215ad42f58e5fb72881daaeb57bd4f907081046016f64bf167db59f?s=96&d=identicon&r=g\",\"contentUrl\":\"https:\\\/\\\/secure.gravatar.com\\\/avatar\\\/f25168e12215ad42f58e5fb72881daaeb57bd4f907081046016f64bf167db59f?s=96&d=identicon&r=g\",\"caption\":\"Patrycja\"},\"url\":\"https:\\\/\\\/www.empikfoto.pl\\\/blog\\\/author\\\/patrycja\\\/\"}]}<\/script>\n<!-- \/ Yoast SEO plugin. -->","yoast_head_json":{"title":"Prezent dla taty \u2013 co wybra\u0107? Personalizowany prezent! | Empik Foto","description":"Odkryj pomys\u0142y na personalizowany prezent dla taty. Nasz poradnik pomo\u017ce Ci znale\u017a\u0107 wyj\u0105tkowy upominek, kt\u00f3ry z pewno\u015bci\u0105 go zachwyci.","robots":{"index":"index","follow":"follow","max-snippet":"max-snippet:-1","max-image-preview":"max-image-preview:large","max-video-preview":"max-video-preview:-1"},"canonical":"https:\/\/www.empikfoto.pl\/blog\/personalizowany-prezent-dla-taty\/","og_locale":"pl_PL","og_type":"article","og_title":"Prezent dla taty \u2013 co wybra\u0107? Personalizowany prezent! | Empik Foto","og_description":"Odkryj pomys\u0142y na personalizowany prezent dla taty. Nasz poradnik pomo\u017ce Ci znale\u017a\u0107 wyj\u0105tkowy upominek, kt\u00f3ry z pewno\u015bci\u0105 go zachwyci.","og_url":"https:\/\/www.empikfoto.pl\/blog\/personalizowany-prezent-dla-taty\/","og_site_name":"blog.empikfoto.pl","article_publisher":"https:\/\/www.facebook.com\/empikfotopl\/","article_published_time":"2019-06-10T12:13:16+00:00","article_modified_time":"2023-07-31T07:58:14+00:00","og_image":[{"width":2560,"height":1707,"url":"https:\/\/www.empikfoto.pl\/blog\/empikfoto\/2020\/05\/prezent-dla-taty-1-scaled.jpg","type":"image\/jpeg"}],"author":"Patrycja","twitter_card":"summary_large_image","twitter_creator":"@empikfoto","twitter_site":"@empikfoto","twitter_misc":{"Napisane przez":"Patrycja","Szacowany czas czytania":"4 minuty"},"schema":{"@context":"https:\/\/schema.org","@graph":[{"@type":"Article","@id":"https:\/\/www.empikfoto.pl\/blog\/personalizowany-prezent-dla-taty\/#article","isPartOf":{"@id":"https:\/\/www.empikfoto.pl\/blog\/personalizowany-prezent-dla-taty\/"},"author":{"name":"Patrycja","@id":"https:\/\/www.empikfoto.pl\/blog\/#\/schema\/person\/0313802ca5dac502e3266853c59632c0"},"headline":"Prezent dla taty \u2013 co wybra\u0107? Personalizowany prezent!","datePublished":"2019-06-10T12:13:16+00:00","dateModified":"2023-07-31T07:58:14+00:00","mainEntityOfPage":{"@id":"https:\/\/www.empikfoto.pl\/blog\/personalizowany-prezent-dla-taty\/"},"wordCount":617,"image":{"@id":"https:\/\/www.empikfoto.pl\/blog\/personalizowany-prezent-dla-taty\/#primaryimage"},"thumbnailUrl":"https:\/\/www.empikfoto.pl\/blog\/empikfoto\/2020\/05\/prezent-dla-taty-1-scaled.jpg","articleSection":["Pomys\u0142 na prezent"],"inLanguage":"pl-PL"},{"@type":"WebPage","@id":"https:\/\/www.empikfoto.pl\/blog\/personalizowany-prezent-dla-taty\/","url":"https:\/\/www.empikfoto.pl\/blog\/personalizowany-prezent-dla-taty\/","name":"Prezent dla taty \u2013 co wybra\u0107? Personalizowany prezent! | Empik Foto","isPartOf":{"@id":"https:\/\/www.empikfoto.pl\/blog\/#website"},"primaryImageOfPage":{"@id":"https:\/\/www.empikfoto.pl\/blog\/personalizowany-prezent-dla-taty\/#primaryimage"},"image":{"@id":"https:\/\/www.empikfoto.pl\/blog\/personalizowany-prezent-dla-taty\/#primaryimage"},"thumbnailUrl":"https:\/\/www.empikfoto.pl\/blog\/empikfoto\/2020\/05\/prezent-dla-taty-1-scaled.jpg","datePublished":"2019-06-10T12:13:16+00:00","dateModified":"2023-07-31T07:58:14+00:00","author":{"@id":"https:\/\/www.empikfoto.pl\/blog\/#\/schema\/person\/0313802ca5dac502e3266853c59632c0"},"description":"Odkryj pomys\u0142y na personalizowany prezent dla taty. Nasz poradnik pomo\u017ce Ci znale\u017a\u0107 wyj\u0105tkowy upominek, kt\u00f3ry z pewno\u015bci\u0105 go zachwyci.","breadcrumb":{"@id":"https:\/\/www.empikfoto.pl\/blog\/personalizowany-prezent-dla-taty\/#breadcrumb"},"inLanguage":"pl-PL","potentialAction":[{"@type":"ReadAction","target":["https:\/\/www.empikfoto.pl\/blog\/personalizowany-prezent-dla-taty\/"]}]},{"@type":"ImageObject","inLanguage":"pl-PL","@id":"https:\/\/www.empikfoto.pl\/blog\/personalizowany-prezent-dla-taty\/#primaryimage","url":"https:\/\/www.empikfoto.pl\/blog\/empikfoto\/2020\/05\/prezent-dla-taty-1-scaled.jpg","contentUrl":"https:\/\/www.empikfoto.pl\/blog\/empikfoto\/2020\/05\/prezent-dla-taty-1-scaled.jpg","width":2560,"height":1707,"caption":"prezent-dla-taty"},{"@type":"BreadcrumbList","@id":"https:\/\/www.empikfoto.pl\/blog\/personalizowany-prezent-dla-taty\/#breadcrumb","itemListElement":[{"@type":"ListItem","position":1,"name":"Strona g\u0142\u00f3wna","item":"https:\/\/www.empikfoto.pl\/blog\/"},{"@type":"ListItem","position":2,"name":"Prezent dla taty \u2013 co wybra\u0107? Personalizowany prezent!"}]},{"@type":"WebSite","@id":"https:\/\/www.empikfoto.pl\/blog\/#website","url":"https:\/\/www.empikfoto.pl\/blog\/","name":"blog.empikfoto.pl","description":"Poznaj empikfoto.pl od \u015brodka! Dowiedz si\u0119 wi\u0119cej o odbitkach, fotoksi\u0105\u017ckach i fotografii.","potentialAction":[{"@type":"SearchAction","target":{"@type":"EntryPoint","urlTemplate":"https:\/\/www.empikfoto.pl\/blog\/?s={search_term_string}"},"query-input":{"@type":"PropertyValueSpecification","valueRequired":true,"valueName":"search_term_string"}}],"inLanguage":"pl-PL"},{"@type":"Person","@id":"https:\/\/www.empikfoto.pl\/blog\/#\/schema\/person\/0313802ca5dac502e3266853c59632c0","name":"Patrycja","image":{"@type":"ImageObject","inLanguage":"pl-PL","@id":"https:\/\/secure.gravatar.com\/avatar\/f25168e12215ad42f58e5fb72881daaeb57bd4f907081046016f64bf167db59f?s=96&d=identicon&r=g","url":"https:\/\/secure.gravatar.com\/avatar\/f25168e12215ad42f58e5fb72881daaeb57bd4f907081046016f64bf167db59f?s=96&d=identicon&r=g","contentUrl":"https:\/\/secure.gravatar.com\/avatar\/f25168e12215ad42f58e5fb72881daaeb57bd4f907081046016f64bf167db59f?s=96&d=identicon&r=g","caption":"Patrycja"},"url":"https:\/\/www.empikfoto.pl\/blog\/author\/patrycja\/"}]}},"amp_enabled":true,"_links":{"self":[{"href":"https:\/\/www.empikfoto.pl\/blog\/wp-json\/wp\/v2\/posts\/9380","targetHints":{"allow":["GET"]}}],"collection":[{"href":"https:\/\/www.empikfoto.pl\/blog\/wp-json\/wp\/v2\/posts"}],"about":[{"href":"https:\/\/www.empikfoto.pl\/blog\/wp-json\/wp\/v2\/types\/post"}],"author":[{"embeddable":true,"href":"https:\/\/www.empikfoto.pl\/blog\/wp-json\/wp\/v2\/users\/16"}],"replies":[{"embeddable":true,"href":"https:\/\/www.empikfoto.pl\/blog\/wp-json\/wp\/v2\/comments?post=9380"}],"version-history":[{"count":6,"href":"https:\/\/www.empikfoto.pl\/blog\/wp-json\/wp\/v2\/posts\/9380\/revisions"}],"predecessor-version":[{"id":12536,"href":"https:\/\/www.empikfoto.pl\/blog\/wp-json\/wp\/v2\/posts\/9380\/revisions\/12536"}],"wp:featuredmedia":[{"embeddable":true,"href":"https:\/\/www.empikfoto.pl\/blog\/wp-json\/wp\/v2\/media\/9422"}],"wp:attachment":[{"href":"https:\/\/www.empikfoto.pl\/blog\/wp-json\/wp\/v2\/media?parent=9380"}],"wp:term":[{"taxonomy":"category","embeddable":true,"href":"https:\/\/www.empikfoto.pl\/blog\/wp-json\/wp\/v2\/categories?post=9380"},{"taxonomy":"post_tag","embeddable":true,"href":"https:\/\/www.empikfoto.pl\/blog\/wp-json\/wp\/v2\/tags?post=9380"}],"curies":[{"name":"wp","href":"https:\/\/api.w.org\/{rel}","templated":true}]}}