{"id":9384,"date":"2020-02-16T21:54:40","date_gmt":"2020-02-16T20:54:40","guid":{"rendered":"https:\/\/blog.empikfoto.pl\/?p=9384"},"modified":"2023-08-14T10:02:36","modified_gmt":"2023-08-14T08:02:36","slug":"oryginalny-prezent-na-roczek-pomysly-na-prezenty","status":"publish","type":"post","link":"https:\/\/www.empikfoto.pl\/blog\/oryginalny-prezent-na-roczek-pomysly-na-prezenty\/","title":{"rendered":"Oryginalny prezent na roczek \u2013 pomys\u0142y na prezenty"},"content":{"rendered":"<p><strong>Dopiero przysz\u0142o na \u015bwiat! Pami\u0119tasz? Taka kruszynka, z tymi drobnymi paluszkami i st\u00f3pkami. Wystarczy\u0142a chwila, \u017ceby to ma\u0142e, bezbronne dzieci\u0105tko zamieni\u0142o si\u0119 w ruchliwego cz\u0142owieka. Pierwsze urodziny dziecka to zako\u0144czenie etapu niemowl\u0119cego. Warto podkre\u015bli\u0107 t\u0119 chwil\u0119 wyj\u0105tkowym prezentem. Jaki oryginalny prezent na roczek wybra\u0107?\u00a0 Sprawd\u017a nasze podpowiedzi!<\/strong><\/p>\n<p><!--more--><\/p>\n<p>Zale\u017cy Ci na tym, \u017ceby prezent na roczek by\u0142 oryginalny i niepowtarzalny? Dobrym rozwi\u0105zaniem jest si\u0119gni\u0119cie po <a href=\"https:\/\/www.empikfoto.pl\/prezenty-na-roczek\"><strong>personalizowane produkty<\/strong><\/a>. Dzi\u0119ki nim b\u0119dziesz mie\u0107 pewno\u015b\u0107, \u017ce nikt nie zrobi dok\u0142adnie takiego samego upominku.<\/p>\n<h2><strong>Niepowtarzalny upominek na roczek \u2013 ubranko<\/strong><\/h2>\n<p>Urodziny to jedyna okazja w roku, kiedy uwaga skupiona jest tylko na solenizancie. Warto podkre\u015bli\u0107 ten moment. Jak to zrobi\u0107, gdy \u015bwi\u0119tuje ma\u0142e dziecko? Z pomoc\u0105 przychodzi np. <strong><a href=\"https:\/\/www.empikfoto.pl\/fotoprezenty\/body-sliniaki-dzieciece-z-nadrukiem\">personalizowane body<\/a><\/strong>!<\/p>\n<p><strong>Niepowtarzalny design, kt\u00f3ry sam projektujesz, organiczna bawe\u0142na wysokiej jako\u015bci i niezwykle trwa\u0142y wydruk \u2013 chyba nie trzeba Ci\u0119 d\u0142u\u017cej przekonywa\u0107, \u017ce to dobry pomys\u0142. <\/strong><\/p>\n<p>Co umie\u015bci\u0107 na body? Je\u015bli to <strong>pami\u0105tka na roczek dla dziewczynki<\/strong>, sprawdzi si\u0119 jej zdj\u0119cie z napisem \u201eKr\u00f3lowa jest tylko jedna\u201d lub \u201eOna tu rz\u0105dzi!\u201d. Je\u015bli nie masz zdj\u0119\u0107 dziecka, mo\u017cesz wybra\u0107 wersj\u0119 bez fotografii \u2013 czerpi\u0105c z gotowych szablon\u00f3w przygotowanych przez naszych grafik\u00f3w.<\/p>\n<p><img loading=\"lazy\" decoding=\"async\" class=\"aligncenter size-full wp-image-9388\" src=\"https:\/\/blog.empikfoto.pl\/empikfoto\/2020\/04\/born-in-1_5cb5c8d44567c.png\" alt=\"\" width=\"580\" height=\"435\" srcset=\"https:\/\/www.empikfoto.pl\/blog\/empikfoto\/2020\/04\/born-in-1_5cb5c8d44567c.png 580w, https:\/\/www.empikfoto.pl\/blog\/empikfoto\/2020\/04\/born-in-1_5cb5c8d44567c-300x225.png 300w, https:\/\/www.empikfoto.pl\/blog\/empikfoto\/2020\/04\/born-in-1_5cb5c8d44567c-400x300.png 400w\" sizes=\"auto, (max-width: 580px) 100vw, 580px\" \/><\/p>\n<p>Je\u017celi to <strong>pami\u0105tka na roczek dla ch\u0142opca<\/strong>, r\u00f3wnie\u017c mo\u017cesz wykorzysta\u0107 jego fotografi\u0119, np. uj\u0119cie uchwycone podczas jedzenia. Potem dodaj tekst o tym, jaki z niego \u0142akomczuch lub podkre\u015bl jego cech\u0119 charakteru, np. has\u0142em &#8220;Brave kid \u2013 that\u2019s me!&#8221;. Tak naprawd\u0119 ogranicza Ci\u0119 tylko wyobra\u017ania!<\/p>\n<h2><strong>Personalizowana zabawka dla malucha<\/strong><\/h2>\n<p>Ka\u017cdy cieszy si\u0119, kiedy dostaje co\u015b, czym mo\u017ce si\u0119 pobawi\u0107 \u2013 zw\u0142aszcza dzieci. Koszulki i albumy wygl\u0105daj\u0105 uroczo i na pewno s\u0105 wspania\u0142\u0105 pami\u0105tk\u0105, ale\u2026 to nie s\u0105 zabawki. Dlatego warto zaprojektowa\u0107 tak\u017ce <a href=\"https:\/\/www.empikfoto.pl\/fotoprezenty\/maskotki\"><strong>maskotk\u0119 ze zdj\u0119ciem<\/strong><\/a>.<\/p>\n<p>Do stworzenia tej <strong>pami\u0105tki<\/strong> potrzebujesz fotografii dziecka. Je\u015bli jeste\u015b blisko z rodzicami male\u0144stwa, na pewno jakie\u015b masz w swojej galerii. Je\u017celi jednak tak nie jest, popro\u015b o przes\u0142anie fotografii niemowlaka \u2013 na pewno bez problemu j\u0105 uzyskasz.<\/p>\n<p>Potem wystarczy, \u017ce otworzysz kreator, dodasz zdj\u0119cie oraz napisy. Mo\u017cesz, tak jak w przypadku projektowania body, podkre\u015bli\u0107 cechy charakteru dziecka, ale tak\u017ce z\u0142o\u017cy\u0107 \u017cyczenia lub zwyczajnie napisa\u0107: &#8220;Pierwsze urodziny (imi\u0119 dziecka)!&#8221;.<\/p>\n<p><strong>Taki pluszak b\u0119dzie uroczo wygl\u0105da\u0107 na zdj\u0119ciach, a po latach na pewno trafi do pude\u0142ka ze skarbami z dzieci\u0144stwa.\u00a0<\/strong><\/p>\n<p><img loading=\"lazy\" decoding=\"async\" class=\"aligncenter size-large wp-image-9386\" src=\"https:\/\/blog.empikfoto.pl\/empikfoto\/2020\/04\/mi\u015b-ze-zdj\u0119ciem-1024x683.jpg\" alt=\"pluszak-ze-zdj\u0119ciem\" width=\"1024\" height=\"683\" srcset=\"https:\/\/www.empikfoto.pl\/blog\/empikfoto\/2020\/04\/mi\u015b-ze-zdj\u0119ciem-1024x683.jpg 1024w, https:\/\/www.empikfoto.pl\/blog\/empikfoto\/2020\/04\/mi\u015b-ze-zdj\u0119ciem-300x200.jpg 300w, https:\/\/www.empikfoto.pl\/blog\/empikfoto\/2020\/04\/mi\u015b-ze-zdj\u0119ciem-768x512.jpg 768w, https:\/\/www.empikfoto.pl\/blog\/empikfoto\/2020\/04\/mi\u015b-ze-zdj\u0119ciem-1536x1024.jpg 1536w, https:\/\/www.empikfoto.pl\/blog\/empikfoto\/2020\/04\/mi\u015b-ze-zdj\u0119ciem-2048x1365.jpg 2048w, https:\/\/www.empikfoto.pl\/blog\/empikfoto\/2020\/04\/mi\u015b-ze-zdj\u0119ciem-330x220.jpg 330w, https:\/\/www.empikfoto.pl\/blog\/empikfoto\/2020\/04\/mi\u015b-ze-zdj\u0119ciem-400x267.jpg 400w\" sizes=\"auto, (max-width: 1024px) 100vw, 1024px\" \/><\/p>\n<h2><strong>Pami\u0105tka na roczek dziecka \u2013 album drewniany<\/strong><\/h2>\n<p>Po urodzinach w pami\u0119ci telefon\u00f3w i aparat\u00f3w znajduje si\u0119 mn\u00f3stwo zdj\u0119\u0107. Nie pozw\u00f3l, \u017ceby tam utkn\u0119\u0142y! Podaruj dziecku personalizowany, <a href=\"https:\/\/www.empikfoto.pl\/album-drewniany,maluszek\"><strong>drewniany album na zdj\u0119cia<\/strong><\/a>. B\u0119dzie wyj\u0105tkow\u0105 opraw\u0105 dla tych pi\u0119knych fotografii! <strong>Dzi\u0119ki drewnianej ok\u0142adce i pergaminowym przek\u0142adkom zdj\u0119cia s\u0105 bezpieczne i przetrwaj\u0105 lata, a ca\u0142o\u015b\u0107 prezentuje si\u0119 bardzo elegancko. <\/strong><\/p>\n<p>Co wi\u0119cej, na albumie mo\u017cesz umie\u015bci\u0107 grawerunek odpowiedni do sytuacji. Wybierz uroczy nadruk ze st\u00f3pkami, a w podpisie umie\u015b\u0107 \u017cyczenia, np. &#8220;Wszystkiego najlepszego (imi\u0119 dziecka)!&#8221;. Mo\u017cesz te\u017c postawi\u0107 na ten z balonikami i napisem &#8220;Pierwszy rok (imi\u0119 dziecka)&#8221;. Rodzice b\u0119d\u0105 musieli tylko wywo\u0142a\u0107 odbitki i uzupe\u0142ni\u0107 album. A to wszystko dzi\u0119ki Tobie!<\/p>\n<p>Wyj\u0105tkowe chwile wymagaj\u0105 celebrowania. Tak jest r\u00f3wnie\u017c w przypadku pierwszych urodzin male\u0144stwa. Cho\u0107 dziecko nie zapami\u0119ta zbyt du\u017co, na pewno kiedy\u015b wr\u00f3ci do tych zdj\u0119\u0107 i przedmiot\u00f3w. A wtedy Ty opowiesz mu historie z jego pierwszych lat \u017cycia.<\/p>\n","protected":false},"excerpt":{"rendered":"<p>Dopiero przysz\u0142o na \u015bwiat! Pami\u0119tasz? Taka kruszynka, z tymi drobnymi paluszkami i st\u00f3pkami. Wystarczy\u0142a chwila, \u017ceby to ma\u0142e, bezbronne dzieci\u0105tko zamieni\u0142o si\u0119 w ruchliwego cz\u0142owieka. Pierwsze urodziny dziecka to zako\u0144czenie etapu niemowl\u0119cego. Warto podkre\u015bli\u0107 t\u0119 chwil\u0119 wyj\u0105tkowym prezentem. Jaki oryginalny prezent na roczek wybra\u0107?\u00a0 Sprawd\u017a nasze podpowiedzi!<\/p>\n","protected":false},"author":16,"featured_media":12701,"comment_status":"closed","ping_status":"closed","sticky":false,"template":"","format":"standard","meta":{"footnotes":""},"categories":[1059,750],"tags":[],"class_list":["post-9384","post","type-post","status-publish","format-standard","has-post-thumbnail","hentry","category-pomysly-na-prezent","category-poradnik-2"],"yoast_head":"<!-- This site is optimized with the Yoast SEO plugin v27.5 - https:\/\/yoast.com\/product\/yoast-seo-wordpress\/ -->\n<title>Oryginalny prezent na roczek \u2013 pomys\u0142y na prezenty | Empik Foto<\/title>\n<meta name=\"description\" content=\"Znajd\u017a oryginalny prezent na roczek. Odkryj pomys\u0142y na prezenty, kt\u00f3re zachwyc\u0105 malucha i rodzic\u00f3w. Inspiracje na unikalne upominki.\" \/>\n<meta name=\"robots\" content=\"index, follow, max-snippet:-1, max-image-preview:large, max-video-preview:-1\" \/>\n<link rel=\"canonical\" href=\"https:\/\/www.empikfoto.pl\/blog\/oryginalny-prezent-na-roczek-pomysly-na-prezenty\/\" \/>\n<meta property=\"og:locale\" content=\"pl_PL\" \/>\n<meta property=\"og:type\" content=\"article\" \/>\n<meta property=\"og:title\" content=\"Oryginalny prezent na roczek \u2013 pomys\u0142y na prezenty | Empik Foto\" \/>\n<meta property=\"og:description\" content=\"Znajd\u017a oryginalny prezent na roczek. Odkryj pomys\u0142y na prezenty, kt\u00f3re zachwyc\u0105 malucha i rodzic\u00f3w. Inspiracje na unikalne upominki.\" \/>\n<meta property=\"og:url\" content=\"https:\/\/www.empikfoto.pl\/blog\/oryginalny-prezent-na-roczek-pomysly-na-prezenty\/\" \/>\n<meta property=\"og:site_name\" content=\"blog.empikfoto.pl\" \/>\n<meta property=\"article:publisher\" content=\"https:\/\/www.facebook.com\/empikfotopl\/\" \/>\n<meta property=\"article:published_time\" content=\"2020-02-16T20:54:40+00:00\" \/>\n<meta property=\"article:modified_time\" content=\"2023-08-14T08:02:36+00:00\" \/>\n<meta property=\"og:image\" content=\"https:\/\/www.empikfoto.pl\/blog\/empikfoto\/2020\/02\/Oryginalny-prezent-na-roczek.jpg\" \/>\n\t<meta property=\"og:image:width\" content=\"1000\" \/>\n\t<meta property=\"og:image:height\" content=\"667\" \/>\n\t<meta property=\"og:image:type\" content=\"image\/jpeg\" \/>\n<meta name=\"author\" content=\"Patrycja\" \/>\n<meta name=\"twitter:card\" content=\"summary_large_image\" \/>\n<meta name=\"twitter:creator\" content=\"@empikfoto\" \/>\n<meta name=\"twitter:site\" content=\"@empikfoto\" \/>\n<meta name=\"twitter:label1\" content=\"Napisane przez\" \/>\n\t<meta name=\"twitter:data1\" content=\"Patrycja\" \/>\n\t<meta name=\"twitter:label2\" content=\"Szacowany czas czytania\" \/>\n\t<meta name=\"twitter:data2\" content=\"4 minuty\" \/>\n<script type=\"application\/ld+json\" class=\"yoast-schema-graph\">{\"@context\":\"https:\\\/\\\/schema.org\",\"@graph\":[{\"@type\":\"Article\",\"@id\":\"https:\\\/\\\/www.empikfoto.pl\\\/blog\\\/oryginalny-prezent-na-roczek-pomysly-na-prezenty\\\/#article\",\"isPartOf\":{\"@id\":\"https:\\\/\\\/www.empikfoto.pl\\\/blog\\\/oryginalny-prezent-na-roczek-pomysly-na-prezenty\\\/\"},\"author\":{\"name\":\"Patrycja\",\"@id\":\"https:\\\/\\\/www.empikfoto.pl\\\/blog\\\/#\\\/schema\\\/person\\\/0313802ca5dac502e3266853c59632c0\"},\"headline\":\"Oryginalny prezent na roczek \u2013 pomys\u0142y na prezenty\",\"datePublished\":\"2020-02-16T20:54:40+00:00\",\"dateModified\":\"2023-08-14T08:02:36+00:00\",\"mainEntityOfPage\":{\"@id\":\"https:\\\/\\\/www.empikfoto.pl\\\/blog\\\/oryginalny-prezent-na-roczek-pomysly-na-prezenty\\\/\"},\"wordCount\":604,\"image\":{\"@id\":\"https:\\\/\\\/www.empikfoto.pl\\\/blog\\\/oryginalny-prezent-na-roczek-pomysly-na-prezenty\\\/#primaryimage\"},\"thumbnailUrl\":\"https:\\\/\\\/www.empikfoto.pl\\\/blog\\\/empikfoto\\\/2020\\\/02\\\/Oryginalny-prezent-na-roczek.jpg\",\"articleSection\":[\"Pomys\u0142y na prezent\",\"Poradnik\"],\"inLanguage\":\"pl-PL\"},{\"@type\":\"WebPage\",\"@id\":\"https:\\\/\\\/www.empikfoto.pl\\\/blog\\\/oryginalny-prezent-na-roczek-pomysly-na-prezenty\\\/\",\"url\":\"https:\\\/\\\/www.empikfoto.pl\\\/blog\\\/oryginalny-prezent-na-roczek-pomysly-na-prezenty\\\/\",\"name\":\"Oryginalny prezent na roczek \u2013 pomys\u0142y na prezenty | Empik Foto\",\"isPartOf\":{\"@id\":\"https:\\\/\\\/www.empikfoto.pl\\\/blog\\\/#website\"},\"primaryImageOfPage\":{\"@id\":\"https:\\\/\\\/www.empikfoto.pl\\\/blog\\\/oryginalny-prezent-na-roczek-pomysly-na-prezenty\\\/#primaryimage\"},\"image\":{\"@id\":\"https:\\\/\\\/www.empikfoto.pl\\\/blog\\\/oryginalny-prezent-na-roczek-pomysly-na-prezenty\\\/#primaryimage\"},\"thumbnailUrl\":\"https:\\\/\\\/www.empikfoto.pl\\\/blog\\\/empikfoto\\\/2020\\\/02\\\/Oryginalny-prezent-na-roczek.jpg\",\"datePublished\":\"2020-02-16T20:54:40+00:00\",\"dateModified\":\"2023-08-14T08:02:36+00:00\",\"author\":{\"@id\":\"https:\\\/\\\/www.empikfoto.pl\\\/blog\\\/#\\\/schema\\\/person\\\/0313802ca5dac502e3266853c59632c0\"},\"description\":\"Znajd\u017a oryginalny prezent na roczek. Odkryj pomys\u0142y na prezenty, kt\u00f3re zachwyc\u0105 malucha i rodzic\u00f3w. Inspiracje na unikalne upominki.\",\"breadcrumb\":{\"@id\":\"https:\\\/\\\/www.empikfoto.pl\\\/blog\\\/oryginalny-prezent-na-roczek-pomysly-na-prezenty\\\/#breadcrumb\"},\"inLanguage\":\"pl-PL\",\"potentialAction\":[{\"@type\":\"ReadAction\",\"target\":[\"https:\\\/\\\/www.empikfoto.pl\\\/blog\\\/oryginalny-prezent-na-roczek-pomysly-na-prezenty\\\/\"]}]},{\"@type\":\"ImageObject\",\"inLanguage\":\"pl-PL\",\"@id\":\"https:\\\/\\\/www.empikfoto.pl\\\/blog\\\/oryginalny-prezent-na-roczek-pomysly-na-prezenty\\\/#primaryimage\",\"url\":\"https:\\\/\\\/www.empikfoto.pl\\\/blog\\\/empikfoto\\\/2020\\\/02\\\/Oryginalny-prezent-na-roczek.jpg\",\"contentUrl\":\"https:\\\/\\\/www.empikfoto.pl\\\/blog\\\/empikfoto\\\/2020\\\/02\\\/Oryginalny-prezent-na-roczek.jpg\",\"width\":1000,\"height\":667,\"caption\":\"Oryginalny prezent na roczek\"},{\"@type\":\"BreadcrumbList\",\"@id\":\"https:\\\/\\\/www.empikfoto.pl\\\/blog\\\/oryginalny-prezent-na-roczek-pomysly-na-prezenty\\\/#breadcrumb\",\"itemListElement\":[{\"@type\":\"ListItem\",\"position\":1,\"name\":\"Strona g\u0142\u00f3wna\",\"item\":\"https:\\\/\\\/www.empikfoto.pl\\\/blog\\\/\"},{\"@type\":\"ListItem\",\"position\":2,\"name\":\"Oryginalny prezent na roczek \u2013 pomys\u0142y na prezenty\"}]},{\"@type\":\"WebSite\",\"@id\":\"https:\\\/\\\/www.empikfoto.pl\\\/blog\\\/#website\",\"url\":\"https:\\\/\\\/www.empikfoto.pl\\\/blog\\\/\",\"name\":\"blog.empikfoto.pl\",\"description\":\"Poznaj empikfoto.pl od \u015brodka! Dowiedz si\u0119 wi\u0119cej o odbitkach, fotoksi\u0105\u017ckach i fotografii.\",\"potentialAction\":[{\"@type\":\"SearchAction\",\"target\":{\"@type\":\"EntryPoint\",\"urlTemplate\":\"https:\\\/\\\/www.empikfoto.pl\\\/blog\\\/?s={search_term_string}\"},\"query-input\":{\"@type\":\"PropertyValueSpecification\",\"valueRequired\":true,\"valueName\":\"search_term_string\"}}],\"inLanguage\":\"pl-PL\"},{\"@type\":\"Person\",\"@id\":\"https:\\\/\\\/www.empikfoto.pl\\\/blog\\\/#\\\/schema\\\/person\\\/0313802ca5dac502e3266853c59632c0\",\"name\":\"Patrycja\",\"image\":{\"@type\":\"ImageObject\",\"inLanguage\":\"pl-PL\",\"@id\":\"https:\\\/\\\/secure.gravatar.com\\\/avatar\\\/f25168e12215ad42f58e5fb72881daaeb57bd4f907081046016f64bf167db59f?s=96&d=identicon&r=g\",\"url\":\"https:\\\/\\\/secure.gravatar.com\\\/avatar\\\/f25168e12215ad42f58e5fb72881daaeb57bd4f907081046016f64bf167db59f?s=96&d=identicon&r=g\",\"contentUrl\":\"https:\\\/\\\/secure.gravatar.com\\\/avatar\\\/f25168e12215ad42f58e5fb72881daaeb57bd4f907081046016f64bf167db59f?s=96&d=identicon&r=g\",\"caption\":\"Patrycja\"},\"url\":\"https:\\\/\\\/www.empikfoto.pl\\\/blog\\\/author\\\/patrycja\\\/\"}]}<\/script>\n<!-- \/ Yoast SEO plugin. -->","yoast_head_json":{"title":"Oryginalny prezent na roczek \u2013 pomys\u0142y na prezenty | Empik Foto","description":"Znajd\u017a oryginalny prezent na roczek. Odkryj pomys\u0142y na prezenty, kt\u00f3re zachwyc\u0105 malucha i rodzic\u00f3w. Inspiracje na unikalne upominki.","robots":{"index":"index","follow":"follow","max-snippet":"max-snippet:-1","max-image-preview":"max-image-preview:large","max-video-preview":"max-video-preview:-1"},"canonical":"https:\/\/www.empikfoto.pl\/blog\/oryginalny-prezent-na-roczek-pomysly-na-prezenty\/","og_locale":"pl_PL","og_type":"article","og_title":"Oryginalny prezent na roczek \u2013 pomys\u0142y na prezenty | Empik Foto","og_description":"Znajd\u017a oryginalny prezent na roczek. Odkryj pomys\u0142y na prezenty, kt\u00f3re zachwyc\u0105 malucha i rodzic\u00f3w. Inspiracje na unikalne upominki.","og_url":"https:\/\/www.empikfoto.pl\/blog\/oryginalny-prezent-na-roczek-pomysly-na-prezenty\/","og_site_name":"blog.empikfoto.pl","article_publisher":"https:\/\/www.facebook.com\/empikfotopl\/","article_published_time":"2020-02-16T20:54:40+00:00","article_modified_time":"2023-08-14T08:02:36+00:00","og_image":[{"width":1000,"height":667,"url":"https:\/\/www.empikfoto.pl\/blog\/empikfoto\/2020\/02\/Oryginalny-prezent-na-roczek.jpg","type":"image\/jpeg"}],"author":"Patrycja","twitter_card":"summary_large_image","twitter_creator":"@empikfoto","twitter_site":"@empikfoto","twitter_misc":{"Napisane przez":"Patrycja","Szacowany czas czytania":"4 minuty"},"schema":{"@context":"https:\/\/schema.org","@graph":[{"@type":"Article","@id":"https:\/\/www.empikfoto.pl\/blog\/oryginalny-prezent-na-roczek-pomysly-na-prezenty\/#article","isPartOf":{"@id":"https:\/\/www.empikfoto.pl\/blog\/oryginalny-prezent-na-roczek-pomysly-na-prezenty\/"},"author":{"name":"Patrycja","@id":"https:\/\/www.empikfoto.pl\/blog\/#\/schema\/person\/0313802ca5dac502e3266853c59632c0"},"headline":"Oryginalny prezent na roczek \u2013 pomys\u0142y na prezenty","datePublished":"2020-02-16T20:54:40+00:00","dateModified":"2023-08-14T08:02:36+00:00","mainEntityOfPage":{"@id":"https:\/\/www.empikfoto.pl\/blog\/oryginalny-prezent-na-roczek-pomysly-na-prezenty\/"},"wordCount":604,"image":{"@id":"https:\/\/www.empikfoto.pl\/blog\/oryginalny-prezent-na-roczek-pomysly-na-prezenty\/#primaryimage"},"thumbnailUrl":"https:\/\/www.empikfoto.pl\/blog\/empikfoto\/2020\/02\/Oryginalny-prezent-na-roczek.jpg","articleSection":["Pomys\u0142y na prezent","Poradnik"],"inLanguage":"pl-PL"},{"@type":"WebPage","@id":"https:\/\/www.empikfoto.pl\/blog\/oryginalny-prezent-na-roczek-pomysly-na-prezenty\/","url":"https:\/\/www.empikfoto.pl\/blog\/oryginalny-prezent-na-roczek-pomysly-na-prezenty\/","name":"Oryginalny prezent na roczek \u2013 pomys\u0142y na prezenty | Empik Foto","isPartOf":{"@id":"https:\/\/www.empikfoto.pl\/blog\/#website"},"primaryImageOfPage":{"@id":"https:\/\/www.empikfoto.pl\/blog\/oryginalny-prezent-na-roczek-pomysly-na-prezenty\/#primaryimage"},"image":{"@id":"https:\/\/www.empikfoto.pl\/blog\/oryginalny-prezent-na-roczek-pomysly-na-prezenty\/#primaryimage"},"thumbnailUrl":"https:\/\/www.empikfoto.pl\/blog\/empikfoto\/2020\/02\/Oryginalny-prezent-na-roczek.jpg","datePublished":"2020-02-16T20:54:40+00:00","dateModified":"2023-08-14T08:02:36+00:00","author":{"@id":"https:\/\/www.empikfoto.pl\/blog\/#\/schema\/person\/0313802ca5dac502e3266853c59632c0"},"description":"Znajd\u017a oryginalny prezent na roczek. Odkryj pomys\u0142y na prezenty, kt\u00f3re zachwyc\u0105 malucha i rodzic\u00f3w. Inspiracje na unikalne upominki.","breadcrumb":{"@id":"https:\/\/www.empikfoto.pl\/blog\/oryginalny-prezent-na-roczek-pomysly-na-prezenty\/#breadcrumb"},"inLanguage":"pl-PL","potentialAction":[{"@type":"ReadAction","target":["https:\/\/www.empikfoto.pl\/blog\/oryginalny-prezent-na-roczek-pomysly-na-prezenty\/"]}]},{"@type":"ImageObject","inLanguage":"pl-PL","@id":"https:\/\/www.empikfoto.pl\/blog\/oryginalny-prezent-na-roczek-pomysly-na-prezenty\/#primaryimage","url":"https:\/\/www.empikfoto.pl\/blog\/empikfoto\/2020\/02\/Oryginalny-prezent-na-roczek.jpg","contentUrl":"https:\/\/www.empikfoto.pl\/blog\/empikfoto\/2020\/02\/Oryginalny-prezent-na-roczek.jpg","width":1000,"height":667,"caption":"Oryginalny prezent na roczek"},{"@type":"BreadcrumbList","@id":"https:\/\/www.empikfoto.pl\/blog\/oryginalny-prezent-na-roczek-pomysly-na-prezenty\/#breadcrumb","itemListElement":[{"@type":"ListItem","position":1,"name":"Strona g\u0142\u00f3wna","item":"https:\/\/www.empikfoto.pl\/blog\/"},{"@type":"ListItem","position":2,"name":"Oryginalny prezent na roczek \u2013 pomys\u0142y na prezenty"}]},{"@type":"WebSite","@id":"https:\/\/www.empikfoto.pl\/blog\/#website","url":"https:\/\/www.empikfoto.pl\/blog\/","name":"blog.empikfoto.pl","description":"Poznaj empikfoto.pl od \u015brodka! Dowiedz si\u0119 wi\u0119cej o odbitkach, fotoksi\u0105\u017ckach i fotografii.","potentialAction":[{"@type":"SearchAction","target":{"@type":"EntryPoint","urlTemplate":"https:\/\/www.empikfoto.pl\/blog\/?s={search_term_string}"},"query-input":{"@type":"PropertyValueSpecification","valueRequired":true,"valueName":"search_term_string"}}],"inLanguage":"pl-PL"},{"@type":"Person","@id":"https:\/\/www.empikfoto.pl\/blog\/#\/schema\/person\/0313802ca5dac502e3266853c59632c0","name":"Patrycja","image":{"@type":"ImageObject","inLanguage":"pl-PL","@id":"https:\/\/secure.gravatar.com\/avatar\/f25168e12215ad42f58e5fb72881daaeb57bd4f907081046016f64bf167db59f?s=96&d=identicon&r=g","url":"https:\/\/secure.gravatar.com\/avatar\/f25168e12215ad42f58e5fb72881daaeb57bd4f907081046016f64bf167db59f?s=96&d=identicon&r=g","contentUrl":"https:\/\/secure.gravatar.com\/avatar\/f25168e12215ad42f58e5fb72881daaeb57bd4f907081046016f64bf167db59f?s=96&d=identicon&r=g","caption":"Patrycja"},"url":"https:\/\/www.empikfoto.pl\/blog\/author\/patrycja\/"}]}},"amp_enabled":true,"_links":{"self":[{"href":"https:\/\/www.empikfoto.pl\/blog\/wp-json\/wp\/v2\/posts\/9384","targetHints":{"allow":["GET"]}}],"collection":[{"href":"https:\/\/www.empikfoto.pl\/blog\/wp-json\/wp\/v2\/posts"}],"about":[{"href":"https:\/\/www.empikfoto.pl\/blog\/wp-json\/wp\/v2\/types\/post"}],"author":[{"embeddable":true,"href":"https:\/\/www.empikfoto.pl\/blog\/wp-json\/wp\/v2\/users\/16"}],"replies":[{"embeddable":true,"href":"https:\/\/www.empikfoto.pl\/blog\/wp-json\/wp\/v2\/comments?post=9384"}],"version-history":[{"count":3,"href":"https:\/\/www.empikfoto.pl\/blog\/wp-json\/wp\/v2\/posts\/9384\/revisions"}],"predecessor-version":[{"id":12700,"href":"https:\/\/www.empikfoto.pl\/blog\/wp-json\/wp\/v2\/posts\/9384\/revisions\/12700"}],"wp:featuredmedia":[{"embeddable":true,"href":"https:\/\/www.empikfoto.pl\/blog\/wp-json\/wp\/v2\/media\/12701"}],"wp:attachment":[{"href":"https:\/\/www.empikfoto.pl\/blog\/wp-json\/wp\/v2\/media?parent=9384"}],"wp:term":[{"taxonomy":"category","embeddable":true,"href":"https:\/\/www.empikfoto.pl\/blog\/wp-json\/wp\/v2\/categories?post=9384"},{"taxonomy":"post_tag","embeddable":true,"href":"https:\/\/www.empikfoto.pl\/blog\/wp-json\/wp\/v2\/tags?post=9384"}],"curies":[{"name":"wp","href":"https:\/\/api.w.org\/{rel}","templated":true}]}}