{"id":9538,"date":"2023-09-15T13:38:33","date_gmt":"2023-09-15T11:38:33","guid":{"rendered":"https:\/\/blog.empikfoto.pl\/?p=9538"},"modified":"2023-12-21T10:39:37","modified_gmt":"2023-12-21T09:39:37","slug":"jak-stworzyc-sciane-ze-zdjeciami","status":"publish","type":"post","link":"https:\/\/www.empikfoto.pl\/blog\/jak-stworzyc-sciane-ze-zdjeciami\/","title":{"rendered":"Jak stworzy\u0107 \u015bcian\u0119 ze zdj\u0119ciami? Dekoracje, kt\u00f3re ociepl\u0105 dom!"},"content":{"rendered":"<p><strong>Weekend zapowiada si\u0119 deszczowo i sp\u0119dzasz go z rodzin\u0105 w domu? A mo\u017ce po prostu szukasz inspiruj\u0105cego pomys\u0142u na kreatywn\u0105 i po\u017cyteczn\u0105 zabaw\u0119? Masz pod r\u0119k\u0105 par\u0119 rodzinnych zdj\u0119\u0107 i nigdzie Ci si\u0119 nie spieszy? Zatem do dzie\u0142a! Jak stworzy\u0107 \u015bcian\u0119 ze zdj\u0119ciami? Zobacz, jak wyczarowa\u0107 z nich nietuzinkow\u0105 dekoracj\u0119 na \u015bcian\u0119. To proste!<\/strong><!--more--><\/p>\n<p>Nie bez powodu kochamy zdj\u0119cia. To one s\u0105 na\u0142adowane milionem emocji oraz wspomnie\u0144, kt\u00f3re sprawiaj\u0105, \u017ce serce bije mocniej, a na duszy robi si\u0119 cieplej. Te\u017c lubisz na nie patrze\u0107? <strong>A co, gdyby stworzy\u0107 &#8220;\u015bcian\u0119 pozytywnej energii&#8221;? Tak\u0105, na kt\u00f3rej zawisn\u0105 najfajniejsze rodzinne fotki \u2013 te z dom\u00f3wki u siostry, ostatnich wakacji, letniego grillowania\u2026 <\/strong>Jest w czym wybiera\u0107, prawda? A skoro tak, czas poszuka\u0107 dla nich nietuzinkowej oprawy. Niech stan\u0105 si\u0119 cz\u0119\u015bci\u0105 ozdoby \u015bciany. Stw\u00f3rz j\u0105 samodzielnie!<\/p>\n<h2><strong>Jak stworzy\u0107 \u015bcian\u0119 ze zdj\u0119ciami? \u015aciana z fotodekoracjami krok po kroku<\/strong><\/h2>\n<p>Na pocz\u0105tku, jak zawsze, potrzebujesz dobrego planu. Od czego wi\u0119c zacz\u0105\u0107?<\/p>\n<h3><strong>1. Wybierz \u015bcian\u0119, kt\u00f3ra stanie si\u0119 Twoj\u0105 domow\u0105 &#8220;\u0142adowark\u0105 pozytywnymi emocjami&#8221;.<\/strong><\/h3>\n<p>Najlepiej, aby by\u0142o to miejsce \u0142atwo dost\u0119pne dla wszystkich domownik\u00f3w. Dobrze sprawdzi si\u0119 np. \u015bciana w:<\/p>\n<ul>\n<li>jadalnianej cz\u0119\u015bci kuchni,<\/li>\n<li>salonie,<\/li>\n<li>pokoju dziennym.<\/li>\n<\/ul>\n<p>Zadbaj o to, aby by\u0142a \u0142atwo widoczna z wielu punkt\u00f3w wn\u0119trza \u2013 np. tak, by\u015b m\u00f3g\u0142 na ni\u0105 zerka\u0107, kiedy popijasz kaw\u0119 na kanapie lub przechodzisz z pokoju do pokoju.<\/p>\n<p><img loading=\"lazy\" decoding=\"async\" class=\"aligncenter size-large wp-image-13354\" src=\"https:\/\/www.empikfoto.pl\/blog\/empikfoto\/2020\/05\/mother-daughter-looking-frame-1024x683.jpg\" alt=\"Jak stworzy\u0107 \u015bcian\u0119 ze zdj\u0119ciami\" width=\"1024\" height=\"683\" srcset=\"https:\/\/www.empikfoto.pl\/blog\/empikfoto\/2020\/05\/mother-daughter-looking-frame-1024x683.jpg 1024w, https:\/\/www.empikfoto.pl\/blog\/empikfoto\/2020\/05\/mother-daughter-looking-frame-300x200.jpg 300w, https:\/\/www.empikfoto.pl\/blog\/empikfoto\/2020\/05\/mother-daughter-looking-frame-768x512.jpg 768w, https:\/\/www.empikfoto.pl\/blog\/empikfoto\/2020\/05\/mother-daughter-looking-frame-330x220.jpg 330w, https:\/\/www.empikfoto.pl\/blog\/empikfoto\/2020\/05\/mother-daughter-looking-frame-400x267.jpg 400w, https:\/\/www.empikfoto.pl\/blog\/empikfoto\/2020\/05\/mother-daughter-looking-frame.jpg 1500w\" sizes=\"auto, (max-width: 1024px) 100vw, 1024px\" \/><\/p>\n<h3><strong>2. Okre\u015bl, ile masz na niej miejsca.<\/strong><\/h3>\n<p>Na pocz\u0105tku \u2013 wizualnie. Zastan\u00f3w si\u0119, czy chcesz j\u0105 wype\u0142ni\u0107 zdj\u0119ciami ca\u0142\u0105, czy np. tylko w \u015brodku, w polu widocznym dla oka bez konieczno\u015bci schylania si\u0119 czy zadzierania g\u0142owy.<\/p>\n<p>Kiedy ju\u017c wiesz, <strong>we\u017a do r\u0119ki miark\u0119 i zapisz wymiary przestrzeni, kt\u00f3r\u0105 chcesz wype\u0142ni\u0107 fotodekoracjami<\/strong>. To wa\u017cne, poniewa\u017c dzi\u0119ki temu b\u0119dziesz w stanie oszacowa\u0107, ile zdj\u0119\u0107 i plakat\u00f3w potrzebujesz oraz jak je rozlokowa\u0107.<\/p>\n<h3><strong>3. Zadecyduj, jak rozwiesisz zdj\u0119cia.<\/strong><\/h3>\n<p>Dzi\u015b najbardziej trendy s\u0105 \u015bciany w stylu kola\u017cu artystycznego. Takiego, kt\u00f3rego elementy na poz\u00f3r s\u0105 \u201ez innych parafii\u201d, ale razem tworz\u0105 oryginaln\u0105 ca\u0142o\u015b\u0107. Mo\u017cesz wi\u0119c si\u0119gn\u0105\u0107 np. po:<\/p>\n<ul>\n<li>ramki w r\u00f3\u017cnych stylach i kolorach,<\/li>\n<li>r\u00f3\u017cne typy fotodekoracji \u2013 zar\u00f3wno rodzinne zdj\u0119cia, jak i designerskie plakaty, cho\u0107by te z motywuj\u0105cymi has\u0142ami lub z wyeksponowan\u0105 wa\u017cn\u0105 dat\u0105,<\/li>\n<li>rozmaite rozmiary ozd\u00f3b, kt\u00f3re trafi\u0105 na \u015bcian\u0119 \u2013 od bardzo ma\u0142ych, np. 9 x 13 cm, a\u017c po te naprawd\u0119 ogromne.<\/li>\n<\/ul>\n<p><img loading=\"lazy\" decoding=\"async\" class=\"aligncenter size-large wp-image-13357\" src=\"https:\/\/www.empikfoto.pl\/blog\/empikfoto\/2020\/05\/high-angle-beautiful-plants-home-1024x683.jpg\" alt=\"Jak stworzy\u0107 \u015bcian\u0119 ze zdj\u0119ciami\" width=\"1024\" height=\"683\" srcset=\"https:\/\/www.empikfoto.pl\/blog\/empikfoto\/2020\/05\/high-angle-beautiful-plants-home-1024x683.jpg 1024w, https:\/\/www.empikfoto.pl\/blog\/empikfoto\/2020\/05\/high-angle-beautiful-plants-home-300x200.jpg 300w, https:\/\/www.empikfoto.pl\/blog\/empikfoto\/2020\/05\/high-angle-beautiful-plants-home-768x512.jpg 768w, https:\/\/www.empikfoto.pl\/blog\/empikfoto\/2020\/05\/high-angle-beautiful-plants-home-330x220.jpg 330w, https:\/\/www.empikfoto.pl\/blog\/empikfoto\/2020\/05\/high-angle-beautiful-plants-home-400x267.jpg 400w, https:\/\/www.empikfoto.pl\/blog\/empikfoto\/2020\/05\/high-angle-beautiful-plants-home.jpg 1500w\" sizes=\"auto, (max-width: 1024px) 100vw, 1024px\" \/><\/p>\n<p>Ale uwaga! Je\u015bli w zamian za asymetri\u0119 i nut\u0119 szale\u0144stwa wolisz klasyk\u0119, harmoni\u0119 i porz\u0105dek \u2013 mo\u017cesz wybra\u0107 zestaw takich samych ramek i umie\u015bci\u0107 je na w r\u00f3wnych odst\u0119pach. Ty decydujesz!<\/p>\n<p>Je\u017celi jednak zapragniesz odrobiny chaosu, pomy\u015bl r\u00f3wnie\u017c o tym, aby zdj\u0119cia umie\u015bci\u0107 nie tylko, wieszaj\u0105c je bezpo\u015brednio na \u015bcianie, ale te\u017c na:<\/p>\n<ul>\n<li>niewielkich i lekkich p\u00f3\u0142kach lub uchwytach \u2013 stojakach,<\/li>\n<li>sznurkach, kt\u00f3re rozwiesisz mi\u0119dzy dwoma haczykami przytwierdzonymi do \u015bciany<\/li>\n<\/ul>\n<h3><strong>4. Przygotuj zdj\u0119cia i plakaty.<\/strong><\/h3>\n<p>Teraz czas na najprzyjemniejsz\u0105 cz\u0119\u015b\u0107: wybranie fotek i plakat\u00f3w. Zacznij od przejrzenia zdj\u0119\u0107 na smartfonie \u2013 masz ich na pewno tysi\u0105ce! Nie wahaj si\u0119 zerkn\u0105\u0107 r\u00f3wnie\u017c do rodzinnych album\u00f3w. Mo\u017ce tam kryje si\u0119 jaka\u015b pere\u0142ka? Pami\u0119taj, \u017ce tak\u0105 fotografi\u0119 mo\u017cesz wskanowa\u0107 w dobrej rozdzielczo\u015bci i powi\u0119kszy\u0107 \u2013 zamawiaj\u0105c np. <a href=\"https:\/\/www.empikfoto.pl\/wystroj-wnetrz\/fotoplakaty\"><strong>fotoplakat<\/strong> <\/a>w ramce ze zdj\u0119ciem Twoich rodzic\u00f3w z m\u0142odych lat. Je\u017celi jednak chcesz zam\u00f3wi\u0107 tradycyjne odbitki, kliknij <a href=\"https:\/\/www.empikfoto.pl\/odbitki\"><strong>tutaj<\/strong><\/a>.<\/p>\n<p>To jeszcze nie koniec mo\u017cliwo\u015bci. Pomy\u015bl o przepleceniu zdj\u0119\u0107 plakatami z ciekaw\u0105 grafik\u0105 oraz motywuj\u0105cymi has\u0142ami. Takie, kt\u00f3re wywo\u0142aj\u0105 u\u015bmiech na twarzy \u2013 np. \u201e\u017bycie zaczyna si\u0119 po pierwszej kawie\u201d \u2013 i te z nut\u0105 melancholii, cho\u0107by z dat\u0105 przyj\u015bcia na \u015bwiat dziecka.<\/p>\n<p><img loading=\"lazy\" decoding=\"async\" class=\"aligncenter size-large wp-image-13356\" src=\"https:\/\/www.empikfoto.pl\/blog\/empikfoto\/2020\/05\/different-pictures-wall-hanging-chair-room-artworks-interior-design-1024x681.jpg\" alt=\"Jak stworzy\u0107 \u015bcian\u0119 ze zdj\u0119ciami\" width=\"1024\" height=\"681\" srcset=\"https:\/\/www.empikfoto.pl\/blog\/empikfoto\/2020\/05\/different-pictures-wall-hanging-chair-room-artworks-interior-design-1024x681.jpg 1024w, https:\/\/www.empikfoto.pl\/blog\/empikfoto\/2020\/05\/different-pictures-wall-hanging-chair-room-artworks-interior-design-300x199.jpg 300w, https:\/\/www.empikfoto.pl\/blog\/empikfoto\/2020\/05\/different-pictures-wall-hanging-chair-room-artworks-interior-design-768x510.jpg 768w, https:\/\/www.empikfoto.pl\/blog\/empikfoto\/2020\/05\/different-pictures-wall-hanging-chair-room-artworks-interior-design-330x220.jpg 330w, https:\/\/www.empikfoto.pl\/blog\/empikfoto\/2020\/05\/different-pictures-wall-hanging-chair-room-artworks-interior-design-400x266.jpg 400w, https:\/\/www.empikfoto.pl\/blog\/empikfoto\/2020\/05\/different-pictures-wall-hanging-chair-room-artworks-interior-design.jpg 1500w\" sizes=\"auto, (max-width: 1024px) 100vw, 1024px\" \/><\/p>\n<p>Uwaga! <strong>Je\u015bli znalaz\u0142e\u015b dziesi\u0105tki zdj\u0119\u0107, spo\u015br\u00f3d kt\u00f3rych nie umiesz wybra\u0107 tych najlepszych \u2013 stw\u00f3rz z nich kola\u017c w aplikacji Empik Foto (lub na naszej stronie) i zam\u00f3w w formie <a href=\"https:\/\/www.empikfoto.pl\/wystroj-wnetrz\/fotoplakaty\">plakatu<\/a><\/strong>. Mo\u017ce stworzysz taki monta\u017c z 3-4 fotografii wykonywanych jedna po drugiej, dla uzyskania filmowego efektu?<\/p>\n<p>Wszystkie fotodekoracje zaprojektujesz i zam\u00f3wisz w kr\u00f3tkim czasie przez Internet. Najlepiej zr\u00f3b to w ci\u0105gu tygodnia, by by\u0142y gotowe na weekend.<\/p>\n<h3><strong>5. Montuj!<\/strong><\/h3>\n<p>Teraz czas na fina\u0142 pracy, czyli na zamontowanie wszystkich element\u00f3w. Zdj\u0119cia i plakaty w ramce s\u0105 lekkie, wi\u0119c\u2026 nie musisz wierci\u0107 w \u015bcianie, aby je przyczepi\u0107. W zamian si\u0119gnij po specjaln\u0105 ta\u015bm\u0119 dwustronn\u0105 \u2013 na rynku s\u0105 teraz nawet wersje, kt\u00f3re \u0142atwo odklei\u0107, kiedy ju\u017c nie b\u0119d\u0105 potrzebne.<\/p>\n<p><img loading=\"lazy\" decoding=\"async\" class=\"aligncenter size-large wp-image-13357\" src=\"https:\/\/www.empikfoto.pl\/blog\/empikfoto\/2020\/05\/high-angle-beautiful-plants-home-1024x683.jpg\" alt=\"Jak stworzy\u0107 \u015bcian\u0119 ze zdj\u0119ciami\" width=\"1024\" height=\"683\" srcset=\"https:\/\/www.empikfoto.pl\/blog\/empikfoto\/2020\/05\/high-angle-beautiful-plants-home-1024x683.jpg 1024w, https:\/\/www.empikfoto.pl\/blog\/empikfoto\/2020\/05\/high-angle-beautiful-plants-home-300x200.jpg 300w, https:\/\/www.empikfoto.pl\/blog\/empikfoto\/2020\/05\/high-angle-beautiful-plants-home-768x512.jpg 768w, https:\/\/www.empikfoto.pl\/blog\/empikfoto\/2020\/05\/high-angle-beautiful-plants-home-330x220.jpg 330w, https:\/\/www.empikfoto.pl\/blog\/empikfoto\/2020\/05\/high-angle-beautiful-plants-home-400x267.jpg 400w, https:\/\/www.empikfoto.pl\/blog\/empikfoto\/2020\/05\/high-angle-beautiful-plants-home.jpg 1500w\" sizes=\"auto, (max-width: 1024px) 100vw, 1024px\" \/><\/p>\n<p>Stw\u00f3rz wsp\u00f3lnie z najbli\u017cszymi pi\u0119kn\u0105 kompozycj\u0119 i\u2026 cieszcie si\u0119 efektami! <strong>Pami\u0119taj, \u017ce tak\u0105 &#8220;\u015bcian\u0119 dobrych wspomnie\u0144&#8221; mo\u017cna te\u017c udekorowa\u0107 przy pomocy lampek choinkowych.<\/strong> Dzi\u0119ki temu b\u0119dzie si\u0119 \u015bwietnie prezentowa\u0107 r\u00f3wnie\u017c noc\u0105. \u017byczymy powodzenia!<\/p>\n","protected":false},"excerpt":{"rendered":"<p>Weekend zapowiada si\u0119 deszczowo i sp\u0119dzasz go z rodzin\u0105 w domu? A mo\u017ce po prostu szukasz inspiruj\u0105cego pomys\u0142u na kreatywn\u0105 i po\u017cyteczn\u0105 zabaw\u0119? Masz pod r\u0119k\u0105 par\u0119 rodzinnych zdj\u0119\u0107 i nigdzie Ci si\u0119 nie spieszy? Zatem do dzie\u0142a! Jak stworzy\u0107 \u015bcian\u0119 ze zdj\u0119ciami? Zobacz, jak wyczarowa\u0107 z nich nietuzinkow\u0105 dekoracj\u0119 na \u015bcian\u0119. To proste!<\/p>\n","protected":false},"author":16,"featured_media":13353,"comment_status":"closed","ping_status":"closed","sticky":false,"template":"","format":"standard","meta":{"footnotes":""},"categories":[782],"tags":[1125],"class_list":["post-9538","post","type-post","status-publish","format-standard","has-post-thumbnail","hentry","category-diy","tag-wystroj-wnetrz"],"yoast_head":"<!-- This site is optimized with the Yoast SEO plugin v27.5 - https:\/\/yoast.com\/product\/yoast-seo-wordpress\/ -->\n<title>Jak stworzy\u0107 \u015bcian\u0119 ze zdj\u0119ciami? | Empik Foto<\/title>\n<meta name=\"description\" content=\"Jak stworzy\u0107 \u015bcian\u0119 ze zdj\u0119ciami? Poznaj kreatywne pomys\u0142y na aran\u017cacj\u0119 i wykorzystanie fotografii w dekoracji wn\u0119trza.\" \/>\n<meta name=\"robots\" content=\"index, follow, max-snippet:-1, max-image-preview:large, max-video-preview:-1\" \/>\n<link rel=\"canonical\" href=\"https:\/\/www.empikfoto.pl\/blog\/jak-stworzyc-sciane-ze-zdjeciami\/\" \/>\n<meta property=\"og:locale\" content=\"pl_PL\" \/>\n<meta property=\"og:type\" content=\"article\" \/>\n<meta property=\"og:title\" content=\"Jak stworzy\u0107 \u015bcian\u0119 ze zdj\u0119ciami? | Empik Foto\" \/>\n<meta property=\"og:description\" content=\"Jak stworzy\u0107 \u015bcian\u0119 ze zdj\u0119ciami? Poznaj kreatywne pomys\u0142y na aran\u017cacj\u0119 i wykorzystanie fotografii w dekoracji wn\u0119trza.\" \/>\n<meta property=\"og:url\" content=\"https:\/\/www.empikfoto.pl\/blog\/jak-stworzyc-sciane-ze-zdjeciami\/\" \/>\n<meta property=\"og:site_name\" content=\"blog.empikfoto.pl\" \/>\n<meta property=\"article:publisher\" content=\"https:\/\/www.facebook.com\/empikfotopl\/\" \/>\n<meta property=\"article:published_time\" content=\"2023-09-15T11:38:33+00:00\" \/>\n<meta property=\"article:modified_time\" content=\"2023-12-21T09:39:37+00:00\" \/>\n<meta property=\"og:image\" content=\"https:\/\/www.empikfoto.pl\/blog\/empikfoto\/2020\/05\/asian-woman-is-working-her-hand-drawing-artwork.jpg\" \/>\n\t<meta property=\"og:image:width\" content=\"1500\" \/>\n\t<meta property=\"og:image:height\" content=\"750\" \/>\n\t<meta property=\"og:image:type\" content=\"image\/jpeg\" \/>\n<meta name=\"author\" content=\"Patrycja\" \/>\n<meta name=\"twitter:card\" content=\"summary_large_image\" \/>\n<meta name=\"twitter:creator\" content=\"@empikfoto\" \/>\n<meta name=\"twitter:site\" content=\"@empikfoto\" \/>\n<meta name=\"twitter:label1\" content=\"Napisane przez\" \/>\n\t<meta name=\"twitter:data1\" content=\"Patrycja\" \/>\n\t<meta name=\"twitter:label2\" content=\"Szacowany czas czytania\" \/>\n\t<meta name=\"twitter:data2\" content=\"6 minut\" \/>\n<script type=\"application\/ld+json\" class=\"yoast-schema-graph\">{\"@context\":\"https:\\\/\\\/schema.org\",\"@graph\":[{\"@type\":\"Article\",\"@id\":\"https:\\\/\\\/www.empikfoto.pl\\\/blog\\\/jak-stworzyc-sciane-ze-zdjeciami\\\/#article\",\"isPartOf\":{\"@id\":\"https:\\\/\\\/www.empikfoto.pl\\\/blog\\\/jak-stworzyc-sciane-ze-zdjeciami\\\/\"},\"author\":{\"name\":\"Patrycja\",\"@id\":\"https:\\\/\\\/www.empikfoto.pl\\\/blog\\\/#\\\/schema\\\/person\\\/0313802ca5dac502e3266853c59632c0\"},\"headline\":\"Jak stworzy\u0107 \u015bcian\u0119 ze zdj\u0119ciami? Dekoracje, kt\u00f3re ociepl\u0105 dom!\",\"datePublished\":\"2023-09-15T11:38:33+00:00\",\"dateModified\":\"2023-12-21T09:39:37+00:00\",\"mainEntityOfPage\":{\"@id\":\"https:\\\/\\\/www.empikfoto.pl\\\/blog\\\/jak-stworzyc-sciane-ze-zdjeciami\\\/\"},\"wordCount\":825,\"image\":{\"@id\":\"https:\\\/\\\/www.empikfoto.pl\\\/blog\\\/jak-stworzyc-sciane-ze-zdjeciami\\\/#primaryimage\"},\"thumbnailUrl\":\"https:\\\/\\\/www.empikfoto.pl\\\/blog\\\/empikfoto\\\/2020\\\/05\\\/asian-woman-is-working-her-hand-drawing-artwork.jpg\",\"keywords\":[\"wystr\u00f3j wn\u0119trz\"],\"articleSection\":[\"DIY\"],\"inLanguage\":\"pl-PL\"},{\"@type\":\"WebPage\",\"@id\":\"https:\\\/\\\/www.empikfoto.pl\\\/blog\\\/jak-stworzyc-sciane-ze-zdjeciami\\\/\",\"url\":\"https:\\\/\\\/www.empikfoto.pl\\\/blog\\\/jak-stworzyc-sciane-ze-zdjeciami\\\/\",\"name\":\"Jak stworzy\u0107 \u015bcian\u0119 ze zdj\u0119ciami? | Empik Foto\",\"isPartOf\":{\"@id\":\"https:\\\/\\\/www.empikfoto.pl\\\/blog\\\/#website\"},\"primaryImageOfPage\":{\"@id\":\"https:\\\/\\\/www.empikfoto.pl\\\/blog\\\/jak-stworzyc-sciane-ze-zdjeciami\\\/#primaryimage\"},\"image\":{\"@id\":\"https:\\\/\\\/www.empikfoto.pl\\\/blog\\\/jak-stworzyc-sciane-ze-zdjeciami\\\/#primaryimage\"},\"thumbnailUrl\":\"https:\\\/\\\/www.empikfoto.pl\\\/blog\\\/empikfoto\\\/2020\\\/05\\\/asian-woman-is-working-her-hand-drawing-artwork.jpg\",\"datePublished\":\"2023-09-15T11:38:33+00:00\",\"dateModified\":\"2023-12-21T09:39:37+00:00\",\"author\":{\"@id\":\"https:\\\/\\\/www.empikfoto.pl\\\/blog\\\/#\\\/schema\\\/person\\\/0313802ca5dac502e3266853c59632c0\"},\"description\":\"Jak stworzy\u0107 \u015bcian\u0119 ze zdj\u0119ciami? Poznaj kreatywne pomys\u0142y na aran\u017cacj\u0119 i wykorzystanie fotografii w dekoracji wn\u0119trza.\",\"breadcrumb\":{\"@id\":\"https:\\\/\\\/www.empikfoto.pl\\\/blog\\\/jak-stworzyc-sciane-ze-zdjeciami\\\/#breadcrumb\"},\"inLanguage\":\"pl-PL\",\"potentialAction\":[{\"@type\":\"ReadAction\",\"target\":[\"https:\\\/\\\/www.empikfoto.pl\\\/blog\\\/jak-stworzyc-sciane-ze-zdjeciami\\\/\"]}]},{\"@type\":\"ImageObject\",\"inLanguage\":\"pl-PL\",\"@id\":\"https:\\\/\\\/www.empikfoto.pl\\\/blog\\\/jak-stworzyc-sciane-ze-zdjeciami\\\/#primaryimage\",\"url\":\"https:\\\/\\\/www.empikfoto.pl\\\/blog\\\/empikfoto\\\/2020\\\/05\\\/asian-woman-is-working-her-hand-drawing-artwork.jpg\",\"contentUrl\":\"https:\\\/\\\/www.empikfoto.pl\\\/blog\\\/empikfoto\\\/2020\\\/05\\\/asian-woman-is-working-her-hand-drawing-artwork.jpg\",\"width\":1500,\"height\":750,\"caption\":\"Jak stworzy\u0107 \u015bcian\u0119 ze zdj\u0119ciami\"},{\"@type\":\"BreadcrumbList\",\"@id\":\"https:\\\/\\\/www.empikfoto.pl\\\/blog\\\/jak-stworzyc-sciane-ze-zdjeciami\\\/#breadcrumb\",\"itemListElement\":[{\"@type\":\"ListItem\",\"position\":1,\"name\":\"Strona g\u0142\u00f3wna\",\"item\":\"https:\\\/\\\/www.empikfoto.pl\\\/blog\\\/\"},{\"@type\":\"ListItem\",\"position\":2,\"name\":\"Jak stworzy\u0107 \u015bcian\u0119 ze zdj\u0119ciami? Dekoracje, kt\u00f3re ociepl\u0105 dom!\"}]},{\"@type\":\"WebSite\",\"@id\":\"https:\\\/\\\/www.empikfoto.pl\\\/blog\\\/#website\",\"url\":\"https:\\\/\\\/www.empikfoto.pl\\\/blog\\\/\",\"name\":\"blog.empikfoto.pl\",\"description\":\"Poznaj empikfoto.pl od \u015brodka! Dowiedz si\u0119 wi\u0119cej o odbitkach, fotoksi\u0105\u017ckach i fotografii.\",\"potentialAction\":[{\"@type\":\"SearchAction\",\"target\":{\"@type\":\"EntryPoint\",\"urlTemplate\":\"https:\\\/\\\/www.empikfoto.pl\\\/blog\\\/?s={search_term_string}\"},\"query-input\":{\"@type\":\"PropertyValueSpecification\",\"valueRequired\":true,\"valueName\":\"search_term_string\"}}],\"inLanguage\":\"pl-PL\"},{\"@type\":\"Person\",\"@id\":\"https:\\\/\\\/www.empikfoto.pl\\\/blog\\\/#\\\/schema\\\/person\\\/0313802ca5dac502e3266853c59632c0\",\"name\":\"Patrycja\",\"image\":{\"@type\":\"ImageObject\",\"inLanguage\":\"pl-PL\",\"@id\":\"https:\\\/\\\/secure.gravatar.com\\\/avatar\\\/f25168e12215ad42f58e5fb72881daaeb57bd4f907081046016f64bf167db59f?s=96&d=identicon&r=g\",\"url\":\"https:\\\/\\\/secure.gravatar.com\\\/avatar\\\/f25168e12215ad42f58e5fb72881daaeb57bd4f907081046016f64bf167db59f?s=96&d=identicon&r=g\",\"contentUrl\":\"https:\\\/\\\/secure.gravatar.com\\\/avatar\\\/f25168e12215ad42f58e5fb72881daaeb57bd4f907081046016f64bf167db59f?s=96&d=identicon&r=g\",\"caption\":\"Patrycja\"},\"url\":\"https:\\\/\\\/www.empikfoto.pl\\\/blog\\\/author\\\/patrycja\\\/\"}]}<\/script>\n<!-- \/ Yoast SEO plugin. -->","yoast_head_json":{"title":"Jak stworzy\u0107 \u015bcian\u0119 ze zdj\u0119ciami? | Empik Foto","description":"Jak stworzy\u0107 \u015bcian\u0119 ze zdj\u0119ciami? Poznaj kreatywne pomys\u0142y na aran\u017cacj\u0119 i wykorzystanie fotografii w dekoracji wn\u0119trza.","robots":{"index":"index","follow":"follow","max-snippet":"max-snippet:-1","max-image-preview":"max-image-preview:large","max-video-preview":"max-video-preview:-1"},"canonical":"https:\/\/www.empikfoto.pl\/blog\/jak-stworzyc-sciane-ze-zdjeciami\/","og_locale":"pl_PL","og_type":"article","og_title":"Jak stworzy\u0107 \u015bcian\u0119 ze zdj\u0119ciami? | Empik Foto","og_description":"Jak stworzy\u0107 \u015bcian\u0119 ze zdj\u0119ciami? Poznaj kreatywne pomys\u0142y na aran\u017cacj\u0119 i wykorzystanie fotografii w dekoracji wn\u0119trza.","og_url":"https:\/\/www.empikfoto.pl\/blog\/jak-stworzyc-sciane-ze-zdjeciami\/","og_site_name":"blog.empikfoto.pl","article_publisher":"https:\/\/www.facebook.com\/empikfotopl\/","article_published_time":"2023-09-15T11:38:33+00:00","article_modified_time":"2023-12-21T09:39:37+00:00","og_image":[{"width":1500,"height":750,"url":"https:\/\/www.empikfoto.pl\/blog\/empikfoto\/2020\/05\/asian-woman-is-working-her-hand-drawing-artwork.jpg","type":"image\/jpeg"}],"author":"Patrycja","twitter_card":"summary_large_image","twitter_creator":"@empikfoto","twitter_site":"@empikfoto","twitter_misc":{"Napisane przez":"Patrycja","Szacowany czas czytania":"6 minut"},"schema":{"@context":"https:\/\/schema.org","@graph":[{"@type":"Article","@id":"https:\/\/www.empikfoto.pl\/blog\/jak-stworzyc-sciane-ze-zdjeciami\/#article","isPartOf":{"@id":"https:\/\/www.empikfoto.pl\/blog\/jak-stworzyc-sciane-ze-zdjeciami\/"},"author":{"name":"Patrycja","@id":"https:\/\/www.empikfoto.pl\/blog\/#\/schema\/person\/0313802ca5dac502e3266853c59632c0"},"headline":"Jak stworzy\u0107 \u015bcian\u0119 ze zdj\u0119ciami? Dekoracje, kt\u00f3re ociepl\u0105 dom!","datePublished":"2023-09-15T11:38:33+00:00","dateModified":"2023-12-21T09:39:37+00:00","mainEntityOfPage":{"@id":"https:\/\/www.empikfoto.pl\/blog\/jak-stworzyc-sciane-ze-zdjeciami\/"},"wordCount":825,"image":{"@id":"https:\/\/www.empikfoto.pl\/blog\/jak-stworzyc-sciane-ze-zdjeciami\/#primaryimage"},"thumbnailUrl":"https:\/\/www.empikfoto.pl\/blog\/empikfoto\/2020\/05\/asian-woman-is-working-her-hand-drawing-artwork.jpg","keywords":["wystr\u00f3j wn\u0119trz"],"articleSection":["DIY"],"inLanguage":"pl-PL"},{"@type":"WebPage","@id":"https:\/\/www.empikfoto.pl\/blog\/jak-stworzyc-sciane-ze-zdjeciami\/","url":"https:\/\/www.empikfoto.pl\/blog\/jak-stworzyc-sciane-ze-zdjeciami\/","name":"Jak stworzy\u0107 \u015bcian\u0119 ze zdj\u0119ciami? | Empik Foto","isPartOf":{"@id":"https:\/\/www.empikfoto.pl\/blog\/#website"},"primaryImageOfPage":{"@id":"https:\/\/www.empikfoto.pl\/blog\/jak-stworzyc-sciane-ze-zdjeciami\/#primaryimage"},"image":{"@id":"https:\/\/www.empikfoto.pl\/blog\/jak-stworzyc-sciane-ze-zdjeciami\/#primaryimage"},"thumbnailUrl":"https:\/\/www.empikfoto.pl\/blog\/empikfoto\/2020\/05\/asian-woman-is-working-her-hand-drawing-artwork.jpg","datePublished":"2023-09-15T11:38:33+00:00","dateModified":"2023-12-21T09:39:37+00:00","author":{"@id":"https:\/\/www.empikfoto.pl\/blog\/#\/schema\/person\/0313802ca5dac502e3266853c59632c0"},"description":"Jak stworzy\u0107 \u015bcian\u0119 ze zdj\u0119ciami? Poznaj kreatywne pomys\u0142y na aran\u017cacj\u0119 i wykorzystanie fotografii w dekoracji wn\u0119trza.","breadcrumb":{"@id":"https:\/\/www.empikfoto.pl\/blog\/jak-stworzyc-sciane-ze-zdjeciami\/#breadcrumb"},"inLanguage":"pl-PL","potentialAction":[{"@type":"ReadAction","target":["https:\/\/www.empikfoto.pl\/blog\/jak-stworzyc-sciane-ze-zdjeciami\/"]}]},{"@type":"ImageObject","inLanguage":"pl-PL","@id":"https:\/\/www.empikfoto.pl\/blog\/jak-stworzyc-sciane-ze-zdjeciami\/#primaryimage","url":"https:\/\/www.empikfoto.pl\/blog\/empikfoto\/2020\/05\/asian-woman-is-working-her-hand-drawing-artwork.jpg","contentUrl":"https:\/\/www.empikfoto.pl\/blog\/empikfoto\/2020\/05\/asian-woman-is-working-her-hand-drawing-artwork.jpg","width":1500,"height":750,"caption":"Jak stworzy\u0107 \u015bcian\u0119 ze zdj\u0119ciami"},{"@type":"BreadcrumbList","@id":"https:\/\/www.empikfoto.pl\/blog\/jak-stworzyc-sciane-ze-zdjeciami\/#breadcrumb","itemListElement":[{"@type":"ListItem","position":1,"name":"Strona g\u0142\u00f3wna","item":"https:\/\/www.empikfoto.pl\/blog\/"},{"@type":"ListItem","position":2,"name":"Jak stworzy\u0107 \u015bcian\u0119 ze zdj\u0119ciami? Dekoracje, kt\u00f3re ociepl\u0105 dom!"}]},{"@type":"WebSite","@id":"https:\/\/www.empikfoto.pl\/blog\/#website","url":"https:\/\/www.empikfoto.pl\/blog\/","name":"blog.empikfoto.pl","description":"Poznaj empikfoto.pl od \u015brodka! Dowiedz si\u0119 wi\u0119cej o odbitkach, fotoksi\u0105\u017ckach i fotografii.","potentialAction":[{"@type":"SearchAction","target":{"@type":"EntryPoint","urlTemplate":"https:\/\/www.empikfoto.pl\/blog\/?s={search_term_string}"},"query-input":{"@type":"PropertyValueSpecification","valueRequired":true,"valueName":"search_term_string"}}],"inLanguage":"pl-PL"},{"@type":"Person","@id":"https:\/\/www.empikfoto.pl\/blog\/#\/schema\/person\/0313802ca5dac502e3266853c59632c0","name":"Patrycja","image":{"@type":"ImageObject","inLanguage":"pl-PL","@id":"https:\/\/secure.gravatar.com\/avatar\/f25168e12215ad42f58e5fb72881daaeb57bd4f907081046016f64bf167db59f?s=96&d=identicon&r=g","url":"https:\/\/secure.gravatar.com\/avatar\/f25168e12215ad42f58e5fb72881daaeb57bd4f907081046016f64bf167db59f?s=96&d=identicon&r=g","contentUrl":"https:\/\/secure.gravatar.com\/avatar\/f25168e12215ad42f58e5fb72881daaeb57bd4f907081046016f64bf167db59f?s=96&d=identicon&r=g","caption":"Patrycja"},"url":"https:\/\/www.empikfoto.pl\/blog\/author\/patrycja\/"}]}},"amp_enabled":true,"_links":{"self":[{"href":"https:\/\/www.empikfoto.pl\/blog\/wp-json\/wp\/v2\/posts\/9538","targetHints":{"allow":["GET"]}}],"collection":[{"href":"https:\/\/www.empikfoto.pl\/blog\/wp-json\/wp\/v2\/posts"}],"about":[{"href":"https:\/\/www.empikfoto.pl\/blog\/wp-json\/wp\/v2\/types\/post"}],"author":[{"embeddable":true,"href":"https:\/\/www.empikfoto.pl\/blog\/wp-json\/wp\/v2\/users\/16"}],"replies":[{"embeddable":true,"href":"https:\/\/www.empikfoto.pl\/blog\/wp-json\/wp\/v2\/comments?post=9538"}],"version-history":[{"count":4,"href":"https:\/\/www.empikfoto.pl\/blog\/wp-json\/wp\/v2\/posts\/9538\/revisions"}],"predecessor-version":[{"id":13359,"href":"https:\/\/www.empikfoto.pl\/blog\/wp-json\/wp\/v2\/posts\/9538\/revisions\/13359"}],"wp:featuredmedia":[{"embeddable":true,"href":"https:\/\/www.empikfoto.pl\/blog\/wp-json\/wp\/v2\/media\/13353"}],"wp:attachment":[{"href":"https:\/\/www.empikfoto.pl\/blog\/wp-json\/wp\/v2\/media?parent=9538"}],"wp:term":[{"taxonomy":"category","embeddable":true,"href":"https:\/\/www.empikfoto.pl\/blog\/wp-json\/wp\/v2\/categories?post=9538"},{"taxonomy":"post_tag","embeddable":true,"href":"https:\/\/www.empikfoto.pl\/blog\/wp-json\/wp\/v2\/tags?post=9538"}],"curies":[{"name":"wp","href":"https:\/\/api.w.org\/{rel}","templated":true}]}}