{"id":9593,"date":"2020-01-18T16:44:17","date_gmt":"2020-01-18T15:44:17","guid":{"rendered":"https:\/\/blog.empikfoto.pl\/?p=9593"},"modified":"2023-07-25T10:40:24","modified_gmt":"2023-07-25T08:40:24","slug":"pomysly-na-prezent-od-rodzicow-na-18-urodziny","status":"publish","type":"post","link":"https:\/\/www.empikfoto.pl\/blog\/pomysly-na-prezent-od-rodzicow-na-18-urodziny\/","title":{"rendered":"18 urodziny \u2013 prezent od rodzic\u00f3w, jaki wybra\u0107?"},"content":{"rendered":"<p><strong>Pierwsze i osiemnaste urodziny dziecka to dni, do kt\u00f3rych rodzice podchodz\u0105 z ogromnym sentymentem. Gdy maluch ma roczek, mama i tata z rozrzewnieniem patrz\u0105, jak brzd\u0105c coraz \u015bmielej sobie poczyna i sami nie dowierzaj\u0105, \u017ce ten ma\u0142y cz\u0142owiek ca\u0142kowicie zaw\u0142adn\u0105\u0142 ich sercem. Z kolei osiemnaste urodziny s\u0105 symboliczn\u0105 granic\u0105 doros\u0142o\u015bci ich dziecka, a w\u00f3wczas rodzice nie mog\u0105 si\u0119 nadziwi\u0107, jak szybko ich maluszek sta\u0142 si\u0119 doros\u0142ym cz\u0142owiekiem. Obie okazje wymagaj\u0105 wyj\u0105tkowej oprawy, a na 18 urodziny prezent od rodzic\u00f3w powinien by\u0107 naprawd\u0119 szczeg\u00f3lny.<\/strong><!--more--><\/p>\n<p>Aby pomys\u0142 na prezent na 18 od rodzic\u00f3w by\u0142 rzeczywi\u015bcie trafiony, musicie kierowa\u0107 si\u0119 <strong>charakterem i marzeniami waszego osiemnastolatka<\/strong>. W tym wieku m\u0142odzie\u017c cz\u0119sto marzy o posiadaniu samochodu, motoru lub o samodzielnej wyprawie, i to najlepiej na kraniec \u015bwiata. Jednak taki prezent nie zawsze jest po my\u015bli rodzic\u00f3w. Zatem mo\u017ce warto wzi\u0105\u0107 pod uwag\u0119 <strong>pasje m\u0142odego cz\u0142owieka i jego ulubiony spos\u00f3b sp\u0119dzania wolnego czasu<\/strong>. Z kolei inni rodzice chc\u0105 zacz\u0105\u0107 tworzy\u0107 podwaliny pod dobry materialny start dziecka. Trafionym pomys\u0142em s\u0105 te\u017c prezenty o warto\u015bci sentymentalnej. Sprawd\u017a, jaki prezent od rodzic\u00f3w mo\u017ce sta\u0107 si\u0119 tym, kt\u00f3rym osiemnastolatek b\u0119dzie si\u0119 chwali\u0142 na prawo i lewo.<\/p>\n<h2>Nowe umiej\u0119tno\u015bci, o kt\u00f3rych marzy m\u0142ody cz\u0142owiek<\/h2>\n<p>Cho\u0107 wydawa\u0142oby si\u0119, \u017ce ostatni\u0105 rzecz\u0105, o kt\u00f3rej marzy wasze osiemnastoletnie dziecko, jest nauka, to jednak poznaj\u0105c jego marzenia, mo\u017cecie si\u0119 naprawd\u0119 zdziwi\u0107. Nie chodzi tu o nauk\u0119 chemii czy matematyki, a o zdobywanie cz\u0119sto bardzo <strong>oryginalnych umiej\u0119tno\u015bci<\/strong>, warto wi\u0119c u\u0142atwi\u0107 mu rozwijanie si\u0119 w interesuj\u0105cym go temacie. Oczywi\u015bcie najpopularniejszym kursem, o kt\u00f3rym marz\u0105 ludzie wst\u0119puj\u0105cy w doros\u0142o\u015b\u0107, jest ten umo\u017cliwiaj\u0105cy <strong>zdobycie prawa jazdy<\/strong>.<\/p>\n<p>Je\u015bli wi\u0119c m\u0142ody cz\u0142owiek w\u0142a\u015bnie tego chce, to warto spe\u0142ni\u0107 jego marzenia. Coraz cz\u0119\u015bciej jednak osiemnastolatkowie my\u015bl\u0105 bardziej oryginalnie. M\u0142odzi ludzie cz\u0119sto wi\u0105\u017c\u0105 ch\u0119\u0107 <strong>zdobycia konkretnych umiej\u0119tno\u015bci ze swoj\u0105 przysz\u0142o\u015bci\u0105<\/strong>. Je\u015bli wi\u0119c tw\u00f3j syn czy c\u00f3rka marzy o w\u0142asnej restauracji, zafunduj mu kurs w\u0142oskiego gotowania w cudownej Toskanii. Je\u015bli osiemnastolatek chce zosta\u0107 projektantem mody, poszukaj ciekawego kursu organizowanego czasem przez s\u0142ynne domy mody w Londynie lub Pary\u017cu. Powodzeniem w\u015br\u00f3d m\u0142odych aspiruj\u0105cych do zawodu kreatora mody ciesz\u0105 si\u0119 te\u017c kursy projektowania i tworzenia but\u00f3w, torebek czy bi\u017cuterii.<\/p>\n<p><img loading=\"lazy\" decoding=\"async\" class=\"aligncenter size-large wp-image-9407\" src=\"https:\/\/blog.empikfoto.pl\/empikfoto\/2020\/05\/zdj\u0119cie-samoch\u00f3d-prawo-jazdy-1024x731.jpg\" alt=\"zdj\u0119cie samoch\u00f3d prawo jazdy\" width=\"1024\" height=\"731\" srcset=\"https:\/\/www.empikfoto.pl\/blog\/empikfoto\/2020\/05\/zdj\u0119cie-samoch\u00f3d-prawo-jazdy-1024x731.jpg 1024w, https:\/\/www.empikfoto.pl\/blog\/empikfoto\/2020\/05\/zdj\u0119cie-samoch\u00f3d-prawo-jazdy-300x214.jpg 300w, https:\/\/www.empikfoto.pl\/blog\/empikfoto\/2020\/05\/zdj\u0119cie-samoch\u00f3d-prawo-jazdy-768x549.jpg 768w, https:\/\/www.empikfoto.pl\/blog\/empikfoto\/2020\/05\/zdj\u0119cie-samoch\u00f3d-prawo-jazdy-1536x1097.jpg 1536w, https:\/\/www.empikfoto.pl\/blog\/empikfoto\/2020\/05\/zdj\u0119cie-samoch\u00f3d-prawo-jazdy-2048x1463.jpg 2048w, https:\/\/www.empikfoto.pl\/blog\/empikfoto\/2020\/05\/zdj\u0119cie-samoch\u00f3d-prawo-jazdy-110x80.jpg 110w, https:\/\/www.empikfoto.pl\/blog\/empikfoto\/2020\/05\/zdj\u0119cie-samoch\u00f3d-prawo-jazdy-400x286.jpg 400w\" sizes=\"auto, (max-width: 1024px) 100vw, 1024px\" \/><\/p>\n<h2>18 urodziny prezent od rodzic\u00f3w &#8211; prezent sentymentalny<\/h2>\n<p>W wielu rodzinach znajduj\u0105 si\u0119 przedmioty, kt\u00f3re przechodz\u0105 z pokolenia na pokolenie. Obrazy mniej i bardziej warto\u015bciowe, zabytkowe meble czy przedmioty u\u017cytku codziennego emanuj\u0105 histori\u0105 przodk\u00f3w, ale prezent na 18. urodziny od rodzic\u00f3w mo\u017ce mie\u0107 bardziej wsp\u00f3\u0142czesny charakter. Zaproponuj swojemu osiemnastolatkowi lub osiemnastolatce <strong>profesjonaln\u0105 sesj\u0119 zdj\u0119ciow\u0105<\/strong>, w kt\u00f3rej czasie powstan\u0105 zar\u00f3wno portrety jubilata, jak i te rodzinne. Wybierz najpi\u0119kniejsze kadry i powierz je nam. My wydrukujemy je na papierze kredowym lub fotograficznym i powstan\u0105 fantastyczne fotoplakaty, kt\u00f3re mog\u0105 zawisn\u0105\u0107 na \u015bcianach rodzinnych wn\u0119trz. Zdj\u0119cia mo\u017cemy tak\u017ce wydrukowa\u0107 na twardej piance, a w\u00f3wczas wystarczy wybra\u0107 jedn\u0105 p\u00f3\u0142k\u0119, ustawi\u0107 na niej fotoplakaty i rodzinna galeria gotowa. Taki prezent na urodziny pozostanie z waszym osiemnastolatkiem na lata i zawsze b\u0119dzie przypomina\u0107 mu cudowne dzieci\u0144stwo sp\u0119dzone z rodzicami.<\/p>\n<p>Jako sentymentalny <strong><a href=\"https:\/\/www.empikfoto.pl\/fotoksiazka,pierwsze-18-lat\">prezent na 18-urodziny \u015bwietnie sprawdzi si\u0119 te\u017c fotoksi\u0105\u017cka<\/a><\/strong>. Mo\u017cna w niej umie\u015bci\u0107 zdj\u0119cia pociechy od momentu urodzin a\u017c do 18 urodzin, doda\u0107 zabawne podpisy, obrazki i stworzy\u0107 w ten spos\u00f3b podarunek, kt\u00f3ry b\u0119dzie \u017ar\u00f3d\u0142em wzrusze\u0144 i rado\u015bci przez wiele lat.<\/p>\n<p><img loading=\"lazy\" decoding=\"async\" class=\"aligncenter size-large wp-image-8750\" src=\"https:\/\/blog.empikfoto.pl\/empikfoto\/2019\/01\/Fotolia_177235363_Subscription_Monthly_XXL-1024x711.jpg\" alt=\"\" width=\"1024\" height=\"711\" srcset=\"https:\/\/www.empikfoto.pl\/blog\/empikfoto\/2019\/01\/Fotolia_177235363_Subscription_Monthly_XXL-1024x711.jpg 1024w, https:\/\/www.empikfoto.pl\/blog\/empikfoto\/2019\/01\/Fotolia_177235363_Subscription_Monthly_XXL-300x208.jpg 300w, https:\/\/www.empikfoto.pl\/blog\/empikfoto\/2019\/01\/Fotolia_177235363_Subscription_Monthly_XXL-768x533.jpg 768w, https:\/\/www.empikfoto.pl\/blog\/empikfoto\/2019\/01\/Fotolia_177235363_Subscription_Monthly_XXL-400x278.jpg 400w\" sizes=\"auto, (max-width: 1024px) 100vw, 1024px\" \/><\/p>\n<h2>Tradycyjny prezent na osiemnastk\u0119 od rodzic\u00f3w<\/h2>\n<p>Czasami mo\u017cna te\u017c pod\u0105\u017ca\u0107 utartymi \u015bcie\u017ckami i w ten wa\u017cny dzie\u0144 podarowa\u0107 jaki\u015b <a href=\"https:\/\/www.empikfoto.pl\/wszystkie-produkty\/bizuteria\/bransoletki\"><strong>element bi\u017cuterii, ale koniecznie spersonalizowanej<\/strong><\/a>. Nie przejmuj si\u0119, je\u015bli jeste\u015b rodzicem syna. Bi\u017cuteria dla m\u0119\u017cczyzn jest r\u00f3wnie popularna jak ta kobieca. Okaza\u0142y \u0142a\u0144cuszek lub bransoleta z gustown\u0105 przywieszk\u0105 to z pewno\u015bci\u0105 dobry prezent od rodzic\u00f3w na osiemnastk\u0119 i c\u00f3rki, i syna.<\/p>\n<p><img loading=\"lazy\" decoding=\"async\" class=\"aligncenter size-large wp-image-9113\" src=\"https:\/\/blog.empikfoto.pl\/empikfoto\/2019\/11\/empik_listopad-37-1024x682.jpg\" alt=\"prezent-na-18\" width=\"1024\" height=\"682\" srcset=\"https:\/\/www.empikfoto.pl\/blog\/empikfoto\/2019\/11\/empik_listopad-37-1024x682.jpg 1024w, https:\/\/www.empikfoto.pl\/blog\/empikfoto\/2019\/11\/empik_listopad-37-300x200.jpg 300w, https:\/\/www.empikfoto.pl\/blog\/empikfoto\/2019\/11\/empik_listopad-37-768x512.jpg 768w, https:\/\/www.empikfoto.pl\/blog\/empikfoto\/2019\/11\/empik_listopad-37-330x220.jpg 330w, https:\/\/www.empikfoto.pl\/blog\/empikfoto\/2019\/11\/empik_listopad-37-400x267.jpg 400w\" sizes=\"auto, (max-width: 1024px) 100vw, 1024px\" \/><\/p>\n<p>Podobnie sprawa wygl\u0105da, je\u015bli chcesz podarowa\u0107 dziecku pewn\u0105 <strong>sum\u0119 pieni\u0119dzy<\/strong>. Oczywi\u015bcie niekt\u00f3rzy powiedz\u0105, \u017ce to prezent na 18. urodziny bez polotu i zaanga\u017cowania w temat. Jednak jak dot\u0105d nikt jeszcze nie spotka\u0142 osiemnastolatka niezadowolonego z takiego upominku. W ko\u0144cu twoje doros\u0142e w\u0142a\u015bnie dziecko b\u0119dzie mog\u0142o <strong>samodzielnie podj\u0105\u0107 decyzj\u0119, co z tymi pieni\u0119dzmi zrobi\u0107<\/strong>. By\u0107 mo\u017ce wp\u0142aci je na konto, mo\u017ce pojedzie na upragnione wakacje, a mo\u017ce wyda je na szalon\u0105 imprez\u0119 i w ka\u017cdej z tych sytuacji b\u0119dzie szcz\u0119\u015bliwy, \u017ce w ko\u0144cu co\u015b zale\u017cy tylko od niego.<\/p>\n","protected":false},"excerpt":{"rendered":"<p>Pierwsze i osiemnaste urodziny dziecka to dni, do kt\u00f3rych rodzice podchodz\u0105 z ogromnym sentymentem. Gdy maluch ma roczek, mama i tata z rozrzewnieniem patrz\u0105, jak brzd\u0105c coraz \u015bmielej sobie poczyna i sami nie dowierzaj\u0105, \u017ce ten ma\u0142y cz\u0142owiek ca\u0142kowicie zaw\u0142adn\u0105\u0142 ich sercem. Z kolei osiemnaste urodziny s\u0105 symboliczn\u0105 granic\u0105 doros\u0142o\u015bci ich dziecka, a w\u00f3wczas rodzice nie mog\u0105 si\u0119 nadziwi\u0107, jak szybko ich maluszek sta\u0142 si\u0119 doros\u0142ym cz\u0142owiekiem. Obie okazje wymagaj\u0105 wyj\u0105tkowej oprawy, a na 18 urodziny prezent od rodzic\u00f3w powinien by\u0107 naprawd\u0119 szczeg\u00f3lny.<\/p>\n","protected":false},"author":16,"featured_media":12473,"comment_status":"closed","ping_status":"closed","sticky":false,"template":"","format":"standard","meta":{"footnotes":""},"categories":[1059],"tags":[],"class_list":["post-9593","post","type-post","status-publish","format-standard","has-post-thumbnail","hentry","category-pomysly-na-prezent"],"yoast_head":"<!-- This site is optimized with the Yoast SEO plugin v27.4 - https:\/\/yoast.com\/product\/yoast-seo-wordpress\/ -->\n<title>18 urodziny \u2013 prezent od rodzic\u00f3w, jaki wybra\u0107?<\/title>\n<meta name=\"description\" content=\"18 urodziny - prezent od rodzic\u00f3w. Odkryj inspiracje na wyj\u0105tkowy podarunek dla swojego dziecka w dniu osi\u0105gni\u0119cia pe\u0142noletnio\u015bci.\" \/>\n<meta name=\"robots\" content=\"index, follow, max-snippet:-1, max-image-preview:large, max-video-preview:-1\" \/>\n<link rel=\"canonical\" href=\"https:\/\/www.empikfoto.pl\/blog\/pomysly-na-prezent-od-rodzicow-na-18-urodziny\/\" \/>\n<meta property=\"og:locale\" content=\"pl_PL\" \/>\n<meta property=\"og:type\" content=\"article\" \/>\n<meta property=\"og:title\" content=\"18 urodziny \u2013 prezent od rodzic\u00f3w, jaki wybra\u0107?\" \/>\n<meta property=\"og:description\" content=\"18 urodziny - prezent od rodzic\u00f3w. Odkryj inspiracje na wyj\u0105tkowy podarunek dla swojego dziecka w dniu osi\u0105gni\u0119cia pe\u0142noletnio\u015bci.\" \/>\n<meta property=\"og:url\" content=\"https:\/\/www.empikfoto.pl\/blog\/pomysly-na-prezent-od-rodzicow-na-18-urodziny\/\" \/>\n<meta property=\"og:site_name\" content=\"blog.empikfoto.pl\" \/>\n<meta property=\"article:publisher\" content=\"https:\/\/www.facebook.com\/empikfotopl\/\" \/>\n<meta property=\"article:published_time\" content=\"2020-01-18T15:44:17+00:00\" \/>\n<meta property=\"article:modified_time\" content=\"2023-07-25T08:40:24+00:00\" \/>\n<meta property=\"og:image\" content=\"https:\/\/www.empikfoto.pl\/blog\/empikfoto\/2020\/01\/18-urodziny-prezent-od-rodzicow.jpg\" \/>\n\t<meta property=\"og:image:width\" content=\"1000\" \/>\n\t<meta property=\"og:image:height\" content=\"667\" \/>\n\t<meta property=\"og:image:type\" content=\"image\/jpeg\" \/>\n<meta name=\"author\" content=\"Patrycja\" \/>\n<meta name=\"twitter:card\" content=\"summary_large_image\" \/>\n<meta name=\"twitter:creator\" content=\"@empikfoto\" \/>\n<meta name=\"twitter:site\" content=\"@empikfoto\" \/>\n<meta name=\"twitter:label1\" content=\"Napisane przez\" \/>\n\t<meta name=\"twitter:data1\" content=\"Patrycja\" \/>\n\t<meta name=\"twitter:label2\" content=\"Szacowany czas czytania\" \/>\n\t<meta name=\"twitter:data2\" content=\"5 minut\" \/>\n<script type=\"application\/ld+json\" class=\"yoast-schema-graph\">{\"@context\":\"https:\\\/\\\/schema.org\",\"@graph\":[{\"@type\":\"Article\",\"@id\":\"https:\\\/\\\/www.empikfoto.pl\\\/blog\\\/pomysly-na-prezent-od-rodzicow-na-18-urodziny\\\/#article\",\"isPartOf\":{\"@id\":\"https:\\\/\\\/www.empikfoto.pl\\\/blog\\\/pomysly-na-prezent-od-rodzicow-na-18-urodziny\\\/\"},\"author\":{\"name\":\"Patrycja\",\"@id\":\"https:\\\/\\\/www.empikfoto.pl\\\/blog\\\/#\\\/schema\\\/person\\\/0313802ca5dac502e3266853c59632c0\"},\"headline\":\"18 urodziny \u2013 prezent od rodzic\u00f3w, jaki wybra\u0107?\",\"datePublished\":\"2020-01-18T15:44:17+00:00\",\"dateModified\":\"2023-07-25T08:40:24+00:00\",\"mainEntityOfPage\":{\"@id\":\"https:\\\/\\\/www.empikfoto.pl\\\/blog\\\/pomysly-na-prezent-od-rodzicow-na-18-urodziny\\\/\"},\"wordCount\":818,\"image\":{\"@id\":\"https:\\\/\\\/www.empikfoto.pl\\\/blog\\\/pomysly-na-prezent-od-rodzicow-na-18-urodziny\\\/#primaryimage\"},\"thumbnailUrl\":\"https:\\\/\\\/www.empikfoto.pl\\\/blog\\\/empikfoto\\\/2020\\\/01\\\/18-urodziny-prezent-od-rodzicow.jpg\",\"articleSection\":[\"Pomys\u0142y na prezent\"],\"inLanguage\":\"pl-PL\"},{\"@type\":\"WebPage\",\"@id\":\"https:\\\/\\\/www.empikfoto.pl\\\/blog\\\/pomysly-na-prezent-od-rodzicow-na-18-urodziny\\\/\",\"url\":\"https:\\\/\\\/www.empikfoto.pl\\\/blog\\\/pomysly-na-prezent-od-rodzicow-na-18-urodziny\\\/\",\"name\":\"18 urodziny \u2013 prezent od rodzic\u00f3w, jaki wybra\u0107?\",\"isPartOf\":{\"@id\":\"https:\\\/\\\/www.empikfoto.pl\\\/blog\\\/#website\"},\"primaryImageOfPage\":{\"@id\":\"https:\\\/\\\/www.empikfoto.pl\\\/blog\\\/pomysly-na-prezent-od-rodzicow-na-18-urodziny\\\/#primaryimage\"},\"image\":{\"@id\":\"https:\\\/\\\/www.empikfoto.pl\\\/blog\\\/pomysly-na-prezent-od-rodzicow-na-18-urodziny\\\/#primaryimage\"},\"thumbnailUrl\":\"https:\\\/\\\/www.empikfoto.pl\\\/blog\\\/empikfoto\\\/2020\\\/01\\\/18-urodziny-prezent-od-rodzicow.jpg\",\"datePublished\":\"2020-01-18T15:44:17+00:00\",\"dateModified\":\"2023-07-25T08:40:24+00:00\",\"author\":{\"@id\":\"https:\\\/\\\/www.empikfoto.pl\\\/blog\\\/#\\\/schema\\\/person\\\/0313802ca5dac502e3266853c59632c0\"},\"description\":\"18 urodziny - prezent od rodzic\u00f3w. Odkryj inspiracje na wyj\u0105tkowy podarunek dla swojego dziecka w dniu osi\u0105gni\u0119cia pe\u0142noletnio\u015bci.\",\"breadcrumb\":{\"@id\":\"https:\\\/\\\/www.empikfoto.pl\\\/blog\\\/pomysly-na-prezent-od-rodzicow-na-18-urodziny\\\/#breadcrumb\"},\"inLanguage\":\"pl-PL\",\"potentialAction\":[{\"@type\":\"ReadAction\",\"target\":[\"https:\\\/\\\/www.empikfoto.pl\\\/blog\\\/pomysly-na-prezent-od-rodzicow-na-18-urodziny\\\/\"]}]},{\"@type\":\"ImageObject\",\"inLanguage\":\"pl-PL\",\"@id\":\"https:\\\/\\\/www.empikfoto.pl\\\/blog\\\/pomysly-na-prezent-od-rodzicow-na-18-urodziny\\\/#primaryimage\",\"url\":\"https:\\\/\\\/www.empikfoto.pl\\\/blog\\\/empikfoto\\\/2020\\\/01\\\/18-urodziny-prezent-od-rodzicow.jpg\",\"contentUrl\":\"https:\\\/\\\/www.empikfoto.pl\\\/blog\\\/empikfoto\\\/2020\\\/01\\\/18-urodziny-prezent-od-rodzicow.jpg\",\"width\":1000,\"height\":667,\"caption\":\"18 urodziny prezent od rodzic\u00f3w\"},{\"@type\":\"BreadcrumbList\",\"@id\":\"https:\\\/\\\/www.empikfoto.pl\\\/blog\\\/pomysly-na-prezent-od-rodzicow-na-18-urodziny\\\/#breadcrumb\",\"itemListElement\":[{\"@type\":\"ListItem\",\"position\":1,\"name\":\"Strona g\u0142\u00f3wna\",\"item\":\"https:\\\/\\\/www.empikfoto.pl\\\/blog\\\/\"},{\"@type\":\"ListItem\",\"position\":2,\"name\":\"18 urodziny \u2013 prezent od rodzic\u00f3w, jaki wybra\u0107?\"}]},{\"@type\":\"WebSite\",\"@id\":\"https:\\\/\\\/www.empikfoto.pl\\\/blog\\\/#website\",\"url\":\"https:\\\/\\\/www.empikfoto.pl\\\/blog\\\/\",\"name\":\"blog.empikfoto.pl\",\"description\":\"Poznaj empikfoto.pl od \u015brodka! Dowiedz si\u0119 wi\u0119cej o odbitkach, fotoksi\u0105\u017ckach i fotografii.\",\"potentialAction\":[{\"@type\":\"SearchAction\",\"target\":{\"@type\":\"EntryPoint\",\"urlTemplate\":\"https:\\\/\\\/www.empikfoto.pl\\\/blog\\\/?s={search_term_string}\"},\"query-input\":{\"@type\":\"PropertyValueSpecification\",\"valueRequired\":true,\"valueName\":\"search_term_string\"}}],\"inLanguage\":\"pl-PL\"},{\"@type\":\"Person\",\"@id\":\"https:\\\/\\\/www.empikfoto.pl\\\/blog\\\/#\\\/schema\\\/person\\\/0313802ca5dac502e3266853c59632c0\",\"name\":\"Patrycja\",\"image\":{\"@type\":\"ImageObject\",\"inLanguage\":\"pl-PL\",\"@id\":\"https:\\\/\\\/secure.gravatar.com\\\/avatar\\\/f25168e12215ad42f58e5fb72881daaeb57bd4f907081046016f64bf167db59f?s=96&d=identicon&r=g\",\"url\":\"https:\\\/\\\/secure.gravatar.com\\\/avatar\\\/f25168e12215ad42f58e5fb72881daaeb57bd4f907081046016f64bf167db59f?s=96&d=identicon&r=g\",\"contentUrl\":\"https:\\\/\\\/secure.gravatar.com\\\/avatar\\\/f25168e12215ad42f58e5fb72881daaeb57bd4f907081046016f64bf167db59f?s=96&d=identicon&r=g\",\"caption\":\"Patrycja\"},\"url\":\"https:\\\/\\\/www.empikfoto.pl\\\/blog\\\/author\\\/patrycja\\\/\"}]}<\/script>\n<!-- \/ Yoast SEO plugin. -->","yoast_head_json":{"title":"18 urodziny \u2013 prezent od rodzic\u00f3w, jaki wybra\u0107?","description":"18 urodziny - prezent od rodzic\u00f3w. Odkryj inspiracje na wyj\u0105tkowy podarunek dla swojego dziecka w dniu osi\u0105gni\u0119cia pe\u0142noletnio\u015bci.","robots":{"index":"index","follow":"follow","max-snippet":"max-snippet:-1","max-image-preview":"max-image-preview:large","max-video-preview":"max-video-preview:-1"},"canonical":"https:\/\/www.empikfoto.pl\/blog\/pomysly-na-prezent-od-rodzicow-na-18-urodziny\/","og_locale":"pl_PL","og_type":"article","og_title":"18 urodziny \u2013 prezent od rodzic\u00f3w, jaki wybra\u0107?","og_description":"18 urodziny - prezent od rodzic\u00f3w. Odkryj inspiracje na wyj\u0105tkowy podarunek dla swojego dziecka w dniu osi\u0105gni\u0119cia pe\u0142noletnio\u015bci.","og_url":"https:\/\/www.empikfoto.pl\/blog\/pomysly-na-prezent-od-rodzicow-na-18-urodziny\/","og_site_name":"blog.empikfoto.pl","article_publisher":"https:\/\/www.facebook.com\/empikfotopl\/","article_published_time":"2020-01-18T15:44:17+00:00","article_modified_time":"2023-07-25T08:40:24+00:00","og_image":[{"width":1000,"height":667,"url":"https:\/\/www.empikfoto.pl\/blog\/empikfoto\/2020\/01\/18-urodziny-prezent-od-rodzicow.jpg","type":"image\/jpeg"}],"author":"Patrycja","twitter_card":"summary_large_image","twitter_creator":"@empikfoto","twitter_site":"@empikfoto","twitter_misc":{"Napisane przez":"Patrycja","Szacowany czas czytania":"5 minut"},"schema":{"@context":"https:\/\/schema.org","@graph":[{"@type":"Article","@id":"https:\/\/www.empikfoto.pl\/blog\/pomysly-na-prezent-od-rodzicow-na-18-urodziny\/#article","isPartOf":{"@id":"https:\/\/www.empikfoto.pl\/blog\/pomysly-na-prezent-od-rodzicow-na-18-urodziny\/"},"author":{"name":"Patrycja","@id":"https:\/\/www.empikfoto.pl\/blog\/#\/schema\/person\/0313802ca5dac502e3266853c59632c0"},"headline":"18 urodziny \u2013 prezent od rodzic\u00f3w, jaki wybra\u0107?","datePublished":"2020-01-18T15:44:17+00:00","dateModified":"2023-07-25T08:40:24+00:00","mainEntityOfPage":{"@id":"https:\/\/www.empikfoto.pl\/blog\/pomysly-na-prezent-od-rodzicow-na-18-urodziny\/"},"wordCount":818,"image":{"@id":"https:\/\/www.empikfoto.pl\/blog\/pomysly-na-prezent-od-rodzicow-na-18-urodziny\/#primaryimage"},"thumbnailUrl":"https:\/\/www.empikfoto.pl\/blog\/empikfoto\/2020\/01\/18-urodziny-prezent-od-rodzicow.jpg","articleSection":["Pomys\u0142y na prezent"],"inLanguage":"pl-PL"},{"@type":"WebPage","@id":"https:\/\/www.empikfoto.pl\/blog\/pomysly-na-prezent-od-rodzicow-na-18-urodziny\/","url":"https:\/\/www.empikfoto.pl\/blog\/pomysly-na-prezent-od-rodzicow-na-18-urodziny\/","name":"18 urodziny \u2013 prezent od rodzic\u00f3w, jaki wybra\u0107?","isPartOf":{"@id":"https:\/\/www.empikfoto.pl\/blog\/#website"},"primaryImageOfPage":{"@id":"https:\/\/www.empikfoto.pl\/blog\/pomysly-na-prezent-od-rodzicow-na-18-urodziny\/#primaryimage"},"image":{"@id":"https:\/\/www.empikfoto.pl\/blog\/pomysly-na-prezent-od-rodzicow-na-18-urodziny\/#primaryimage"},"thumbnailUrl":"https:\/\/www.empikfoto.pl\/blog\/empikfoto\/2020\/01\/18-urodziny-prezent-od-rodzicow.jpg","datePublished":"2020-01-18T15:44:17+00:00","dateModified":"2023-07-25T08:40:24+00:00","author":{"@id":"https:\/\/www.empikfoto.pl\/blog\/#\/schema\/person\/0313802ca5dac502e3266853c59632c0"},"description":"18 urodziny - prezent od rodzic\u00f3w. Odkryj inspiracje na wyj\u0105tkowy podarunek dla swojego dziecka w dniu osi\u0105gni\u0119cia pe\u0142noletnio\u015bci.","breadcrumb":{"@id":"https:\/\/www.empikfoto.pl\/blog\/pomysly-na-prezent-od-rodzicow-na-18-urodziny\/#breadcrumb"},"inLanguage":"pl-PL","potentialAction":[{"@type":"ReadAction","target":["https:\/\/www.empikfoto.pl\/blog\/pomysly-na-prezent-od-rodzicow-na-18-urodziny\/"]}]},{"@type":"ImageObject","inLanguage":"pl-PL","@id":"https:\/\/www.empikfoto.pl\/blog\/pomysly-na-prezent-od-rodzicow-na-18-urodziny\/#primaryimage","url":"https:\/\/www.empikfoto.pl\/blog\/empikfoto\/2020\/01\/18-urodziny-prezent-od-rodzicow.jpg","contentUrl":"https:\/\/www.empikfoto.pl\/blog\/empikfoto\/2020\/01\/18-urodziny-prezent-od-rodzicow.jpg","width":1000,"height":667,"caption":"18 urodziny prezent od rodzic\u00f3w"},{"@type":"BreadcrumbList","@id":"https:\/\/www.empikfoto.pl\/blog\/pomysly-na-prezent-od-rodzicow-na-18-urodziny\/#breadcrumb","itemListElement":[{"@type":"ListItem","position":1,"name":"Strona g\u0142\u00f3wna","item":"https:\/\/www.empikfoto.pl\/blog\/"},{"@type":"ListItem","position":2,"name":"18 urodziny \u2013 prezent od rodzic\u00f3w, jaki wybra\u0107?"}]},{"@type":"WebSite","@id":"https:\/\/www.empikfoto.pl\/blog\/#website","url":"https:\/\/www.empikfoto.pl\/blog\/","name":"blog.empikfoto.pl","description":"Poznaj empikfoto.pl od \u015brodka! Dowiedz si\u0119 wi\u0119cej o odbitkach, fotoksi\u0105\u017ckach i fotografii.","potentialAction":[{"@type":"SearchAction","target":{"@type":"EntryPoint","urlTemplate":"https:\/\/www.empikfoto.pl\/blog\/?s={search_term_string}"},"query-input":{"@type":"PropertyValueSpecification","valueRequired":true,"valueName":"search_term_string"}}],"inLanguage":"pl-PL"},{"@type":"Person","@id":"https:\/\/www.empikfoto.pl\/blog\/#\/schema\/person\/0313802ca5dac502e3266853c59632c0","name":"Patrycja","image":{"@type":"ImageObject","inLanguage":"pl-PL","@id":"https:\/\/secure.gravatar.com\/avatar\/f25168e12215ad42f58e5fb72881daaeb57bd4f907081046016f64bf167db59f?s=96&d=identicon&r=g","url":"https:\/\/secure.gravatar.com\/avatar\/f25168e12215ad42f58e5fb72881daaeb57bd4f907081046016f64bf167db59f?s=96&d=identicon&r=g","contentUrl":"https:\/\/secure.gravatar.com\/avatar\/f25168e12215ad42f58e5fb72881daaeb57bd4f907081046016f64bf167db59f?s=96&d=identicon&r=g","caption":"Patrycja"},"url":"https:\/\/www.empikfoto.pl\/blog\/author\/patrycja\/"}]}},"amp_enabled":true,"_links":{"self":[{"href":"https:\/\/www.empikfoto.pl\/blog\/wp-json\/wp\/v2\/posts\/9593","targetHints":{"allow":["GET"]}}],"collection":[{"href":"https:\/\/www.empikfoto.pl\/blog\/wp-json\/wp\/v2\/posts"}],"about":[{"href":"https:\/\/www.empikfoto.pl\/blog\/wp-json\/wp\/v2\/types\/post"}],"author":[{"embeddable":true,"href":"https:\/\/www.empikfoto.pl\/blog\/wp-json\/wp\/v2\/users\/16"}],"replies":[{"embeddable":true,"href":"https:\/\/www.empikfoto.pl\/blog\/wp-json\/wp\/v2\/comments?post=9593"}],"version-history":[{"count":4,"href":"https:\/\/www.empikfoto.pl\/blog\/wp-json\/wp\/v2\/posts\/9593\/revisions"}],"predecessor-version":[{"id":12474,"href":"https:\/\/www.empikfoto.pl\/blog\/wp-json\/wp\/v2\/posts\/9593\/revisions\/12474"}],"wp:featuredmedia":[{"embeddable":true,"href":"https:\/\/www.empikfoto.pl\/blog\/wp-json\/wp\/v2\/media\/12473"}],"wp:attachment":[{"href":"https:\/\/www.empikfoto.pl\/blog\/wp-json\/wp\/v2\/media?parent=9593"}],"wp:term":[{"taxonomy":"category","embeddable":true,"href":"https:\/\/www.empikfoto.pl\/blog\/wp-json\/wp\/v2\/categories?post=9593"},{"taxonomy":"post_tag","embeddable":true,"href":"https:\/\/www.empikfoto.pl\/blog\/wp-json\/wp\/v2\/tags?post=9593"}],"curies":[{"name":"wp","href":"https:\/\/api.w.org\/{rel}","templated":true}]}}