{"id":9690,"date":"2017-02-22T11:46:53","date_gmt":"2017-02-22T10:46:53","guid":{"rendered":"https:\/\/blog.empikfoto.pl\/?p=9690"},"modified":"2023-08-28T11:46:39","modified_gmt":"2023-08-28T09:46:39","slug":"prezent-dla-taty-na-urodziny","status":"publish","type":"post","link":"https:\/\/www.empikfoto.pl\/blog\/prezent-dla-taty-na-urodziny\/","title":{"rendered":"Prezent dla taty na urodziny &#8211; 5 pomys\u0142\u00f3w, kt\u00f3re zaskocz\u0105 ka\u017cdego!"},"content":{"rendered":"<p>Pierwszy m\u0119\u017cczyzna w Twoim \u017cyciu. Cz\u0142owiek, kt\u00f3ry swoj\u0105 prac\u0105 i rado\u015bci\u0105 ka\u017cdego dnia stara\u0142 si\u0119 zapewni\u0107 Ci jak najwi\u0119cej zabawy. Kto\u015b, kto nauczy\u0142 Ci\u0119 je\u017adzi\u0107 na rowerze, pozwoli\u0142 prowadzi\u0107 swoje auto i zjad\u0142 z Tob\u0105 lody w ch\u0142odny dzie\u0144 w tajemnicy przed mam\u0105. Osoba, kt\u00f3ra co poranek budzi\u0142a Ci\u0119 swoim u\u015bmiechem i \u017cartobliwym mottem. Kto\u015b, na kogo mo\u017cna by\u0142o liczy\u0107 bez wzgl\u0119du na sytuacj\u0119 i por\u0119 dnia. Tw\u00f3j tata. Sprawd\u017a nasze propozycje na <a href=\"https:\/\/www.empikfoto.pl\/prezenty-dla-taty\"><strong>prezent dla taty na urodziny<\/strong><\/a> &#8211; 5 pomys\u0142\u00f3w, kt\u00f3re zaskocz\u0105 ka\u017cdego!<\/p>\n<p><!--more--><\/p>\n<p>Brakuje Ci pomys\u0142u na <a href=\"https:\/\/www.empikfoto.pl\/prezenty-dla-taty\"><strong>prezent dla taty<\/strong><\/a> z okazji jego najbli\u017cszych urodzin? Poznaj sposoby na huczne zorganizowanie imprezy i spraw tacie mi\u0142\u0105 niespodziank\u0119 przy rozpakowywaniu prezentu. Je\u015bli nie wiesz, co da\u0107 tacie na urodziny, to ten artyku\u0142 odpowie na wszelkie pojawiaj\u0105ce si\u0119 pytania. Zaczynamy!<\/p>\n<p><img loading=\"lazy\" decoding=\"async\" class=\"aligncenter wp-image-9850 size-large\" src=\"https:\/\/blog.empikfoto.pl\/empikfoto\/2017\/02\/pexels-maria-lindsey-multimedia-creator-1497394-1024x683.jpg\" alt=\"\" width=\"1024\" height=\"683\" srcset=\"https:\/\/www.empikfoto.pl\/blog\/empikfoto\/2017\/02\/pexels-maria-lindsey-multimedia-creator-1497394-1024x683.jpg 1024w, https:\/\/www.empikfoto.pl\/blog\/empikfoto\/2017\/02\/pexels-maria-lindsey-multimedia-creator-1497394-300x200.jpg 300w, https:\/\/www.empikfoto.pl\/blog\/empikfoto\/2017\/02\/pexels-maria-lindsey-multimedia-creator-1497394-768x512.jpg 768w, https:\/\/www.empikfoto.pl\/blog\/empikfoto\/2017\/02\/pexels-maria-lindsey-multimedia-creator-1497394-1536x1024.jpg 1536w, https:\/\/www.empikfoto.pl\/blog\/empikfoto\/2017\/02\/pexels-maria-lindsey-multimedia-creator-1497394-2048x1365.jpg 2048w, https:\/\/www.empikfoto.pl\/blog\/empikfoto\/2017\/02\/pexels-maria-lindsey-multimedia-creator-1497394-330x220.jpg 330w, https:\/\/www.empikfoto.pl\/blog\/empikfoto\/2017\/02\/pexels-maria-lindsey-multimedia-creator-1497394-400x267.jpg 400w\" sizes=\"auto, (max-width: 1024px) 100vw, 1024px\" \/><\/p>\n<h2>1) Przydatny gad\u017cet dla taty<\/h2>\n<p>Je\u015bli do tej pory Tw\u00f3j tata goli\u0142 si\u0119\u00a0tradycyjn\u0105 maszynk\u0105, <strong>golarka<\/strong> to przydatny gad\u017cet dla faceta w ka\u017cdym wieku \u2013 praktyczne urz\u0105dzenie, kt\u00f3re zapewni szybkie golenie ka\u017cdego ranka. Przecie\u017c wiesz, jak ma\u0142o czasu mo\u017ce zagospodarowa\u0107 na to, aby o siebie zadba\u0107. Je\u015bli ca\u0142e \u017cycie troszczy\u0142 si\u0119 o Ciebie najlepiej, jak potrafi\u0142 ju\u017c wiesz, co jaki sprawdzi\u0107 prezent dla taty na urodziny i dopasowa\u0107 go do jego potrzeb.<\/p>\n<h2>2) Etui na telefon<\/h2>\n<p><span style=\"font-size: 16px;\">Personalizowane<\/span><span style=\"font-size: 16px;\">\u00a0<\/span><a href=\"https:\/\/www.empikfoto.pl\/fotoprezenty\/etui-rodzaje\"><strong>etui na telefon<\/strong><\/a>? <span style=\"font-size: 16px;\">Czemu nie! Stworzenie jedynego na \u015bwiecie etui do telefonu dla taty to \u015bwietny spos\u00f3b na celebracj\u0119\u00a0jego najbli\u017cszych urodzin. Co mo\u017cesz umie\u015bci\u0107 na tym praktycznym gad\u017cecie? Wszystko, co tylko przyjdzie Ci do g\u0142owy. Mo\u017cesz skorzysta\u0107 z Waszej biblioteki wsp\u00f3lnych zdj\u0119\u0107, umie\u015bci\u0107 na projekcie<strong> cytat z ulubionego filmu<\/strong>, czy upami\u0119tni\u0107 <strong>wa\u017cn\u0105 dla niego dat\u0119\/wydarzenie<\/strong>. W trakcie wybierania prezent\u00f3w obowi\u0105zuje w ko\u0144cu jedna zasada &#8211; kompletna dowolno\u015b\u0107, kt\u00f3ra pozwala Ci by\u0107 szczerym i prawdziwym!<\/span><\/p>\n<h2>3) Kubek dla prawdziwego smakosza kawy<\/h2>\n<p>Z jakim zapachem kojarzy Ci si\u0119\u00a0Tw\u00f3j dom rodzinny o poranku? Nam bez w\u0105tpienia z zapachem \u015bwie\u017co zmielonej kawy, kt\u00f3r\u0105 uwielbiali rodzice. Co mo\u017cna kupi\u0107 ojcu na urodziny, je\u015bli kocha smak i aromat kawy? <a href=\"https:\/\/www.empikfoto.pl\/fotoprezenty\/fotokubki-rodzaje\"><strong>Kubek ze zdj\u0119ciem<\/strong><\/a>, napisem, sentencj\u0105 lub grafik\u0105, pozwoli przypomnie\u0107 mu o Waszych najpi\u0119kniejszych chwilach sp\u0119dzonych wsp\u00f3lnie. Je\u015bli brakuje Ci pomys\u0142\u00f3w na stworzenie gad\u017cet\u00f3w dla taty, warto sprawdzi\u0107 alternatyw\u0119 w formie kubk\u00f3w klasycznych, zmieniaj\u0105cych kolor pod wp\u0142ywem temperatury, kawowych, w stylu latte, lub barowych. Ka\u017cdy z nich ma inn\u0105 pojemno\u015b\u0107, ale \u0142\u0105czy ich bardzo wa\u017cna zaleta. S\u0105 praktycznym pomys\u0142em na upominek, kt\u00f3ry sprawi rado\u015b\u0107 tacie.<\/p>\n<p><img loading=\"lazy\" decoding=\"async\" class=\"aligncenter wp-image-9848 size-large\" src=\"https:\/\/blog.empikfoto.pl\/empikfoto\/2017\/02\/pexels-lisa-fotios-1207918-min-1024x683.jpg\" alt=\"\" width=\"1024\" height=\"683\" srcset=\"https:\/\/www.empikfoto.pl\/blog\/empikfoto\/2017\/02\/pexels-lisa-fotios-1207918-min-1024x683.jpg 1024w, https:\/\/www.empikfoto.pl\/blog\/empikfoto\/2017\/02\/pexels-lisa-fotios-1207918-min-300x200.jpg 300w, https:\/\/www.empikfoto.pl\/blog\/empikfoto\/2017\/02\/pexels-lisa-fotios-1207918-min-768x512.jpg 768w, https:\/\/www.empikfoto.pl\/blog\/empikfoto\/2017\/02\/pexels-lisa-fotios-1207918-min-1536x1024.jpg 1536w, https:\/\/www.empikfoto.pl\/blog\/empikfoto\/2017\/02\/pexels-lisa-fotios-1207918-min-2048x1365.jpg 2048w, https:\/\/www.empikfoto.pl\/blog\/empikfoto\/2017\/02\/pexels-lisa-fotios-1207918-min-330x220.jpg 330w, https:\/\/www.empikfoto.pl\/blog\/empikfoto\/2017\/02\/pexels-lisa-fotios-1207918-min-400x267.jpg 400w\" sizes=\"auto, (max-width: 1024px) 100vw, 1024px\" \/><\/p>\n<h2>4) Spos\u00f3b na stworzenie kolejnych wsp\u00f3lnych wspomnie\u0144<\/h2>\n<p>Nic tak nie zbli\u017ca rodziny, jak wsp\u00f3lne sp\u0119dzanie wolnego czasu. Co powiecie na u\u0142o\u017cenie <a href=\"https:\/\/www.empikfoto.pl\/puzzle\"><strong>spersonalizowanych puzzli<\/strong><\/a>? Je\u015bli wci\u0105\u017c nie wiesz, co mo\u017cesz kupi\u0107 tacie na urodziny, zamiast klasycznych fotografii postaw na uwiecznienie Waszych wsp\u00f3lnych film na puzzlach stworzonych specjalnie na Twoje zam\u00f3wienie. Doskona\u0142a zabawa, rado\u015b\u0107 i \u015bwietna pami\u0105tka gwarantowane!<\/p>\n<h2>6) Koszulka dla najlepszego taty<\/h2>\n<p>Przed stworzeniem <a href=\"https:\/\/www.empikfoto.pl\/koszulka,tak-wyglada-super-tata\"><strong>koszulki dla taty<\/strong><\/a>, koniecznie sprawd\u017a jego aktualny rozmiar odzie\u017cy. Do wyboru dysponujesz mo\u017cliwo\u015bci\u0105 nadruku Waszego zdj\u0119cia, Jego ulubionego cytatu lub zda\u0144, kt\u00f3re od dawna mu towarzysz\u0105. Samodzielnie wybierzesz jedn\u0105 z dost\u0119pnych czcionek, kolor\u00f3w i rozwi\u0105za\u0144, kt\u00f3re pozwol\u0105\u00a0pokaza\u0107 Ci, \u017ce ten wyj\u0105tkowy T-shirt jest po prostu stworzony dla Twojego taty.<\/p>\n<p><img loading=\"lazy\" decoding=\"async\" class=\"aligncenter wp-image-9846 size-large\" src=\"https:\/\/blog.empikfoto.pl\/empikfoto\/2017\/02\/Empik_sesja_prezentowa_3-min-1024x686.jpg\" alt=\"Koszulka ze zdj\u0119ciem\" width=\"1024\" height=\"686\" srcset=\"https:\/\/www.empikfoto.pl\/blog\/empikfoto\/2017\/02\/Empik_sesja_prezentowa_3-min-1024x686.jpg 1024w, https:\/\/www.empikfoto.pl\/blog\/empikfoto\/2017\/02\/Empik_sesja_prezentowa_3-min-300x201.jpg 300w, https:\/\/www.empikfoto.pl\/blog\/empikfoto\/2017\/02\/Empik_sesja_prezentowa_3-min-768x515.jpg 768w, https:\/\/www.empikfoto.pl\/blog\/empikfoto\/2017\/02\/Empik_sesja_prezentowa_3-min-1536x1029.jpg 1536w, https:\/\/www.empikfoto.pl\/blog\/empikfoto\/2017\/02\/Empik_sesja_prezentowa_3-min-2048x1373.jpg 2048w, https:\/\/www.empikfoto.pl\/blog\/empikfoto\/2017\/02\/Empik_sesja_prezentowa_3-min-330x220.jpg 330w, https:\/\/www.empikfoto.pl\/blog\/empikfoto\/2017\/02\/Empik_sesja_prezentowa_3-min-400x268.jpg 400w\" sizes=\"auto, (max-width: 1024px) 100vw, 1024px\" \/><\/p>\n<h2>Doceniaj to, co wa\u017cne<\/h2>\n<p>Urodziny taty to jedna z najpi\u0119kniejszych okazji do tego, aby dzieli\u0107 si\u0119\u00a0rado\u015bci\u0105 i wsp\u00f3lnie sp\u0119dzi\u0107 szcz\u0119\u015bliwe chwile. <strong>Dlatego doceniaj to, co wa\u017cne i sp\u0119d\u017acie niezapomniany czas w waszej ulubionej ods\u0142onie.<\/strong> \u017baden prezent nie zapewni tego, co dzie\u0144 pe\u0142en wra\u017ce\u0144 i rado\u015bci w doborowym towarzystwie. O wiele cenniejsze od kreatywnych prezent\u00f3w s\u0105 wasze nietuzinkowe momenty.<\/p>\n","protected":false},"excerpt":{"rendered":"<p>Pierwszy m\u0119\u017cczyzna w Twoim \u017cyciu. Cz\u0142owiek, kt\u00f3ry swoj\u0105 prac\u0105 i rado\u015bci\u0105 ka\u017cdego dnia stara\u0142 si\u0119 zapewni\u0107 Ci jak najwi\u0119cej zabawy. Kto\u015b, kto nauczy\u0142 Ci\u0119 je\u017adzi\u0107 na rowerze, pozwoli\u0142 prowadzi\u0107 swoje auto i zjad\u0142 z Tob\u0105 lody w ch\u0142odny dzie\u0144 w tajemnicy przed mam\u0105. Osoba, kt\u00f3ra co poranek budzi\u0142a Ci\u0119 swoim u\u015bmiechem i \u017cartobliwym mottem. Kto\u015b, na kogo mo\u017cna by\u0142o liczy\u0107 bez wzgl\u0119du na sytuacj\u0119 i por\u0119 dnia. Tw\u00f3j tata. Sprawd\u017a nasze propozycje na prezent dla taty na urodziny &#8211; 5 pomys\u0142\u00f3w, kt\u00f3re zaskocz\u0105 ka\u017cdego!<\/p>\n","protected":false},"author":16,"featured_media":9849,"comment_status":"closed","ping_status":"closed","sticky":false,"template":"","format":"standard","meta":{"footnotes":""},"categories":[1059],"tags":[],"class_list":["post-9690","post","type-post","status-publish","format-standard","has-post-thumbnail","hentry","category-pomysly-na-prezent"],"yoast_head":"<!-- This site is optimized with the Yoast SEO plugin v27.5 - https:\/\/yoast.com\/product\/yoast-seo-wordpress\/ -->\n<title>Prezent dla taty na urodziny - 5 pomys\u0142\u00f3w | Empik Foto<\/title>\n<meta name=\"description\" content=\"Prezent dla taty na urodziny - Znalezienie prezentu dla taty nie musi by\u0107 trudne. Odkryj inspiruj\u0105ce pomys\u0142y na prezent na jego urodziny.\" \/>\n<meta name=\"robots\" content=\"index, follow, max-snippet:-1, max-image-preview:large, max-video-preview:-1\" \/>\n<link rel=\"canonical\" href=\"https:\/\/www.empikfoto.pl\/blog\/prezent-dla-taty-na-urodziny\/\" \/>\n<meta property=\"og:locale\" content=\"pl_PL\" \/>\n<meta property=\"og:type\" content=\"article\" \/>\n<meta property=\"og:title\" content=\"Prezent dla taty na urodziny - 5 pomys\u0142\u00f3w | Empik Foto\" \/>\n<meta property=\"og:description\" content=\"Prezent dla taty na urodziny - Znalezienie prezentu dla taty nie musi by\u0107 trudne. Odkryj inspiruj\u0105ce pomys\u0142y na prezent na jego urodziny.\" \/>\n<meta property=\"og:url\" content=\"https:\/\/www.empikfoto.pl\/blog\/prezent-dla-taty-na-urodziny\/\" \/>\n<meta property=\"og:site_name\" content=\"blog.empikfoto.pl\" \/>\n<meta property=\"article:publisher\" content=\"https:\/\/www.facebook.com\/empikfotopl\/\" \/>\n<meta property=\"article:published_time\" content=\"2017-02-22T10:46:53+00:00\" \/>\n<meta property=\"article:modified_time\" content=\"2023-08-28T09:46:39+00:00\" \/>\n<meta property=\"og:image\" content=\"https:\/\/www.empikfoto.pl\/blog\/empikfoto\/2017\/02\/bermix-studio-DGf4k3fi44s-unsplash-scaled.jpg\" \/>\n\t<meta property=\"og:image:width\" content=\"2560\" \/>\n\t<meta property=\"og:image:height\" content=\"1797\" \/>\n\t<meta property=\"og:image:type\" content=\"image\/jpeg\" \/>\n<meta name=\"author\" content=\"Patrycja\" \/>\n<meta name=\"twitter:card\" content=\"summary_large_image\" \/>\n<meta name=\"twitter:creator\" content=\"@empikfoto\" \/>\n<meta name=\"twitter:site\" content=\"@empikfoto\" \/>\n<meta name=\"twitter:label1\" content=\"Napisane przez\" \/>\n\t<meta name=\"twitter:data1\" content=\"Patrycja\" \/>\n\t<meta name=\"twitter:label2\" content=\"Szacowany czas czytania\" \/>\n\t<meta name=\"twitter:data2\" content=\"4 minuty\" \/>\n<script type=\"application\/ld+json\" class=\"yoast-schema-graph\">{\"@context\":\"https:\\\/\\\/schema.org\",\"@graph\":[{\"@type\":\"Article\",\"@id\":\"https:\\\/\\\/www.empikfoto.pl\\\/blog\\\/prezent-dla-taty-na-urodziny\\\/#article\",\"isPartOf\":{\"@id\":\"https:\\\/\\\/www.empikfoto.pl\\\/blog\\\/prezent-dla-taty-na-urodziny\\\/\"},\"author\":{\"name\":\"Patrycja\",\"@id\":\"https:\\\/\\\/www.empikfoto.pl\\\/blog\\\/#\\\/schema\\\/person\\\/0313802ca5dac502e3266853c59632c0\"},\"headline\":\"Prezent dla taty na urodziny &#8211; 5 pomys\u0142\u00f3w, kt\u00f3re zaskocz\u0105 ka\u017cdego!\",\"datePublished\":\"2017-02-22T10:46:53+00:00\",\"dateModified\":\"2023-08-28T09:46:39+00:00\",\"mainEntityOfPage\":{\"@id\":\"https:\\\/\\\/www.empikfoto.pl\\\/blog\\\/prezent-dla-taty-na-urodziny\\\/\"},\"wordCount\":670,\"image\":{\"@id\":\"https:\\\/\\\/www.empikfoto.pl\\\/blog\\\/prezent-dla-taty-na-urodziny\\\/#primaryimage\"},\"thumbnailUrl\":\"https:\\\/\\\/www.empikfoto.pl\\\/blog\\\/empikfoto\\\/2017\\\/02\\\/bermix-studio-DGf4k3fi44s-unsplash-scaled.jpg\",\"articleSection\":[\"Pomys\u0142y na prezent\"],\"inLanguage\":\"pl-PL\"},{\"@type\":\"WebPage\",\"@id\":\"https:\\\/\\\/www.empikfoto.pl\\\/blog\\\/prezent-dla-taty-na-urodziny\\\/\",\"url\":\"https:\\\/\\\/www.empikfoto.pl\\\/blog\\\/prezent-dla-taty-na-urodziny\\\/\",\"name\":\"Prezent dla taty na urodziny - 5 pomys\u0142\u00f3w | Empik Foto\",\"isPartOf\":{\"@id\":\"https:\\\/\\\/www.empikfoto.pl\\\/blog\\\/#website\"},\"primaryImageOfPage\":{\"@id\":\"https:\\\/\\\/www.empikfoto.pl\\\/blog\\\/prezent-dla-taty-na-urodziny\\\/#primaryimage\"},\"image\":{\"@id\":\"https:\\\/\\\/www.empikfoto.pl\\\/blog\\\/prezent-dla-taty-na-urodziny\\\/#primaryimage\"},\"thumbnailUrl\":\"https:\\\/\\\/www.empikfoto.pl\\\/blog\\\/empikfoto\\\/2017\\\/02\\\/bermix-studio-DGf4k3fi44s-unsplash-scaled.jpg\",\"datePublished\":\"2017-02-22T10:46:53+00:00\",\"dateModified\":\"2023-08-28T09:46:39+00:00\",\"author\":{\"@id\":\"https:\\\/\\\/www.empikfoto.pl\\\/blog\\\/#\\\/schema\\\/person\\\/0313802ca5dac502e3266853c59632c0\"},\"description\":\"Prezent dla taty na urodziny - Znalezienie prezentu dla taty nie musi by\u0107 trudne. Odkryj inspiruj\u0105ce pomys\u0142y na prezent na jego urodziny.\",\"breadcrumb\":{\"@id\":\"https:\\\/\\\/www.empikfoto.pl\\\/blog\\\/prezent-dla-taty-na-urodziny\\\/#breadcrumb\"},\"inLanguage\":\"pl-PL\",\"potentialAction\":[{\"@type\":\"ReadAction\",\"target\":[\"https:\\\/\\\/www.empikfoto.pl\\\/blog\\\/prezent-dla-taty-na-urodziny\\\/\"]}]},{\"@type\":\"ImageObject\",\"inLanguage\":\"pl-PL\",\"@id\":\"https:\\\/\\\/www.empikfoto.pl\\\/blog\\\/prezent-dla-taty-na-urodziny\\\/#primaryimage\",\"url\":\"https:\\\/\\\/www.empikfoto.pl\\\/blog\\\/empikfoto\\\/2017\\\/02\\\/bermix-studio-DGf4k3fi44s-unsplash-scaled.jpg\",\"contentUrl\":\"https:\\\/\\\/www.empikfoto.pl\\\/blog\\\/empikfoto\\\/2017\\\/02\\\/bermix-studio-DGf4k3fi44s-unsplash-scaled.jpg\",\"width\":2560,\"height\":1797},{\"@type\":\"BreadcrumbList\",\"@id\":\"https:\\\/\\\/www.empikfoto.pl\\\/blog\\\/prezent-dla-taty-na-urodziny\\\/#breadcrumb\",\"itemListElement\":[{\"@type\":\"ListItem\",\"position\":1,\"name\":\"Strona g\u0142\u00f3wna\",\"item\":\"https:\\\/\\\/www.empikfoto.pl\\\/blog\\\/\"},{\"@type\":\"ListItem\",\"position\":2,\"name\":\"Prezent dla taty na urodziny &#8211; 5 pomys\u0142\u00f3w, kt\u00f3re zaskocz\u0105 ka\u017cdego!\"}]},{\"@type\":\"WebSite\",\"@id\":\"https:\\\/\\\/www.empikfoto.pl\\\/blog\\\/#website\",\"url\":\"https:\\\/\\\/www.empikfoto.pl\\\/blog\\\/\",\"name\":\"blog.empikfoto.pl\",\"description\":\"Poznaj empikfoto.pl od \u015brodka! Dowiedz si\u0119 wi\u0119cej o odbitkach, fotoksi\u0105\u017ckach i fotografii.\",\"potentialAction\":[{\"@type\":\"SearchAction\",\"target\":{\"@type\":\"EntryPoint\",\"urlTemplate\":\"https:\\\/\\\/www.empikfoto.pl\\\/blog\\\/?s={search_term_string}\"},\"query-input\":{\"@type\":\"PropertyValueSpecification\",\"valueRequired\":true,\"valueName\":\"search_term_string\"}}],\"inLanguage\":\"pl-PL\"},{\"@type\":\"Person\",\"@id\":\"https:\\\/\\\/www.empikfoto.pl\\\/blog\\\/#\\\/schema\\\/person\\\/0313802ca5dac502e3266853c59632c0\",\"name\":\"Patrycja\",\"image\":{\"@type\":\"ImageObject\",\"inLanguage\":\"pl-PL\",\"@id\":\"https:\\\/\\\/secure.gravatar.com\\\/avatar\\\/f25168e12215ad42f58e5fb72881daaeb57bd4f907081046016f64bf167db59f?s=96&d=identicon&r=g\",\"url\":\"https:\\\/\\\/secure.gravatar.com\\\/avatar\\\/f25168e12215ad42f58e5fb72881daaeb57bd4f907081046016f64bf167db59f?s=96&d=identicon&r=g\",\"contentUrl\":\"https:\\\/\\\/secure.gravatar.com\\\/avatar\\\/f25168e12215ad42f58e5fb72881daaeb57bd4f907081046016f64bf167db59f?s=96&d=identicon&r=g\",\"caption\":\"Patrycja\"},\"url\":\"https:\\\/\\\/www.empikfoto.pl\\\/blog\\\/author\\\/patrycja\\\/\"}]}<\/script>\n<!-- \/ Yoast SEO plugin. -->","yoast_head_json":{"title":"Prezent dla taty na urodziny - 5 pomys\u0142\u00f3w | Empik Foto","description":"Prezent dla taty na urodziny - Znalezienie prezentu dla taty nie musi by\u0107 trudne. Odkryj inspiruj\u0105ce pomys\u0142y na prezent na jego urodziny.","robots":{"index":"index","follow":"follow","max-snippet":"max-snippet:-1","max-image-preview":"max-image-preview:large","max-video-preview":"max-video-preview:-1"},"canonical":"https:\/\/www.empikfoto.pl\/blog\/prezent-dla-taty-na-urodziny\/","og_locale":"pl_PL","og_type":"article","og_title":"Prezent dla taty na urodziny - 5 pomys\u0142\u00f3w | Empik Foto","og_description":"Prezent dla taty na urodziny - Znalezienie prezentu dla taty nie musi by\u0107 trudne. Odkryj inspiruj\u0105ce pomys\u0142y na prezent na jego urodziny.","og_url":"https:\/\/www.empikfoto.pl\/blog\/prezent-dla-taty-na-urodziny\/","og_site_name":"blog.empikfoto.pl","article_publisher":"https:\/\/www.facebook.com\/empikfotopl\/","article_published_time":"2017-02-22T10:46:53+00:00","article_modified_time":"2023-08-28T09:46:39+00:00","og_image":[{"width":2560,"height":1797,"url":"https:\/\/www.empikfoto.pl\/blog\/empikfoto\/2017\/02\/bermix-studio-DGf4k3fi44s-unsplash-scaled.jpg","type":"image\/jpeg"}],"author":"Patrycja","twitter_card":"summary_large_image","twitter_creator":"@empikfoto","twitter_site":"@empikfoto","twitter_misc":{"Napisane przez":"Patrycja","Szacowany czas czytania":"4 minuty"},"schema":{"@context":"https:\/\/schema.org","@graph":[{"@type":"Article","@id":"https:\/\/www.empikfoto.pl\/blog\/prezent-dla-taty-na-urodziny\/#article","isPartOf":{"@id":"https:\/\/www.empikfoto.pl\/blog\/prezent-dla-taty-na-urodziny\/"},"author":{"name":"Patrycja","@id":"https:\/\/www.empikfoto.pl\/blog\/#\/schema\/person\/0313802ca5dac502e3266853c59632c0"},"headline":"Prezent dla taty na urodziny &#8211; 5 pomys\u0142\u00f3w, kt\u00f3re zaskocz\u0105 ka\u017cdego!","datePublished":"2017-02-22T10:46:53+00:00","dateModified":"2023-08-28T09:46:39+00:00","mainEntityOfPage":{"@id":"https:\/\/www.empikfoto.pl\/blog\/prezent-dla-taty-na-urodziny\/"},"wordCount":670,"image":{"@id":"https:\/\/www.empikfoto.pl\/blog\/prezent-dla-taty-na-urodziny\/#primaryimage"},"thumbnailUrl":"https:\/\/www.empikfoto.pl\/blog\/empikfoto\/2017\/02\/bermix-studio-DGf4k3fi44s-unsplash-scaled.jpg","articleSection":["Pomys\u0142y na prezent"],"inLanguage":"pl-PL"},{"@type":"WebPage","@id":"https:\/\/www.empikfoto.pl\/blog\/prezent-dla-taty-na-urodziny\/","url":"https:\/\/www.empikfoto.pl\/blog\/prezent-dla-taty-na-urodziny\/","name":"Prezent dla taty na urodziny - 5 pomys\u0142\u00f3w | Empik Foto","isPartOf":{"@id":"https:\/\/www.empikfoto.pl\/blog\/#website"},"primaryImageOfPage":{"@id":"https:\/\/www.empikfoto.pl\/blog\/prezent-dla-taty-na-urodziny\/#primaryimage"},"image":{"@id":"https:\/\/www.empikfoto.pl\/blog\/prezent-dla-taty-na-urodziny\/#primaryimage"},"thumbnailUrl":"https:\/\/www.empikfoto.pl\/blog\/empikfoto\/2017\/02\/bermix-studio-DGf4k3fi44s-unsplash-scaled.jpg","datePublished":"2017-02-22T10:46:53+00:00","dateModified":"2023-08-28T09:46:39+00:00","author":{"@id":"https:\/\/www.empikfoto.pl\/blog\/#\/schema\/person\/0313802ca5dac502e3266853c59632c0"},"description":"Prezent dla taty na urodziny - Znalezienie prezentu dla taty nie musi by\u0107 trudne. Odkryj inspiruj\u0105ce pomys\u0142y na prezent na jego urodziny.","breadcrumb":{"@id":"https:\/\/www.empikfoto.pl\/blog\/prezent-dla-taty-na-urodziny\/#breadcrumb"},"inLanguage":"pl-PL","potentialAction":[{"@type":"ReadAction","target":["https:\/\/www.empikfoto.pl\/blog\/prezent-dla-taty-na-urodziny\/"]}]},{"@type":"ImageObject","inLanguage":"pl-PL","@id":"https:\/\/www.empikfoto.pl\/blog\/prezent-dla-taty-na-urodziny\/#primaryimage","url":"https:\/\/www.empikfoto.pl\/blog\/empikfoto\/2017\/02\/bermix-studio-DGf4k3fi44s-unsplash-scaled.jpg","contentUrl":"https:\/\/www.empikfoto.pl\/blog\/empikfoto\/2017\/02\/bermix-studio-DGf4k3fi44s-unsplash-scaled.jpg","width":2560,"height":1797},{"@type":"BreadcrumbList","@id":"https:\/\/www.empikfoto.pl\/blog\/prezent-dla-taty-na-urodziny\/#breadcrumb","itemListElement":[{"@type":"ListItem","position":1,"name":"Strona g\u0142\u00f3wna","item":"https:\/\/www.empikfoto.pl\/blog\/"},{"@type":"ListItem","position":2,"name":"Prezent dla taty na urodziny &#8211; 5 pomys\u0142\u00f3w, kt\u00f3re zaskocz\u0105 ka\u017cdego!"}]},{"@type":"WebSite","@id":"https:\/\/www.empikfoto.pl\/blog\/#website","url":"https:\/\/www.empikfoto.pl\/blog\/","name":"blog.empikfoto.pl","description":"Poznaj empikfoto.pl od \u015brodka! Dowiedz si\u0119 wi\u0119cej o odbitkach, fotoksi\u0105\u017ckach i fotografii.","potentialAction":[{"@type":"SearchAction","target":{"@type":"EntryPoint","urlTemplate":"https:\/\/www.empikfoto.pl\/blog\/?s={search_term_string}"},"query-input":{"@type":"PropertyValueSpecification","valueRequired":true,"valueName":"search_term_string"}}],"inLanguage":"pl-PL"},{"@type":"Person","@id":"https:\/\/www.empikfoto.pl\/blog\/#\/schema\/person\/0313802ca5dac502e3266853c59632c0","name":"Patrycja","image":{"@type":"ImageObject","inLanguage":"pl-PL","@id":"https:\/\/secure.gravatar.com\/avatar\/f25168e12215ad42f58e5fb72881daaeb57bd4f907081046016f64bf167db59f?s=96&d=identicon&r=g","url":"https:\/\/secure.gravatar.com\/avatar\/f25168e12215ad42f58e5fb72881daaeb57bd4f907081046016f64bf167db59f?s=96&d=identicon&r=g","contentUrl":"https:\/\/secure.gravatar.com\/avatar\/f25168e12215ad42f58e5fb72881daaeb57bd4f907081046016f64bf167db59f?s=96&d=identicon&r=g","caption":"Patrycja"},"url":"https:\/\/www.empikfoto.pl\/blog\/author\/patrycja\/"}]}},"amp_enabled":true,"_links":{"self":[{"href":"https:\/\/www.empikfoto.pl\/blog\/wp-json\/wp\/v2\/posts\/9690","targetHints":{"allow":["GET"]}}],"collection":[{"href":"https:\/\/www.empikfoto.pl\/blog\/wp-json\/wp\/v2\/posts"}],"about":[{"href":"https:\/\/www.empikfoto.pl\/blog\/wp-json\/wp\/v2\/types\/post"}],"author":[{"embeddable":true,"href":"https:\/\/www.empikfoto.pl\/blog\/wp-json\/wp\/v2\/users\/16"}],"replies":[{"embeddable":true,"href":"https:\/\/www.empikfoto.pl\/blog\/wp-json\/wp\/v2\/comments?post=9690"}],"version-history":[{"count":4,"href":"https:\/\/www.empikfoto.pl\/blog\/wp-json\/wp\/v2\/posts\/9690\/revisions"}],"predecessor-version":[{"id":12900,"href":"https:\/\/www.empikfoto.pl\/blog\/wp-json\/wp\/v2\/posts\/9690\/revisions\/12900"}],"wp:featuredmedia":[{"embeddable":true,"href":"https:\/\/www.empikfoto.pl\/blog\/wp-json\/wp\/v2\/media\/9849"}],"wp:attachment":[{"href":"https:\/\/www.empikfoto.pl\/blog\/wp-json\/wp\/v2\/media?parent=9690"}],"wp:term":[{"taxonomy":"category","embeddable":true,"href":"https:\/\/www.empikfoto.pl\/blog\/wp-json\/wp\/v2\/categories?post=9690"},{"taxonomy":"post_tag","embeddable":true,"href":"https:\/\/www.empikfoto.pl\/blog\/wp-json\/wp\/v2\/tags?post=9690"}],"curies":[{"name":"wp","href":"https:\/\/api.w.org\/{rel}","templated":true}]}}