{"id":9702,"date":"2019-03-22T16:19:27","date_gmt":"2019-03-22T15:19:27","guid":{"rendered":"https:\/\/blog.empikfoto.pl\/?p=9702"},"modified":"2023-07-25T15:24:47","modified_gmt":"2023-07-25T13:24:47","slug":"prezent-na-30-urodziny-dla-dziewczyny-co-wybrac","status":"publish","type":"post","link":"https:\/\/www.empikfoto.pl\/blog\/prezent-na-30-urodziny-dla-dziewczyny-co-wybrac\/","title":{"rendered":"Prezent na 30. urodziny dla dziewczyny &#8211; co wybra\u0107?"},"content":{"rendered":"<p>Jak ten czas szybko leci! Jeszcze nie tak dawno \u015bwi\u0119towali\u015bcie urodziny w nucie szale\u0144czej m\u0142odo\u015bci, wybiera\u0142y\u015bcie sukienki na studni\u00f3wk\u0119. Bawili\u015bcie si\u0119 w akademiku podczas studi\u00f3w, a\u017c nagle wskaz\u00f3wka wybi\u0142a tak okr\u0105g\u0142a liczb\u0119 na liczniku bliskiej osoby. Z nami poka\u017cesz, \u017ce <strong>\u017cycie po trzydziestce dopiero si\u0119 zaczyna<\/strong>, a \u015bwiat ma do zaoferowania jeszcze wi\u0119cej barw, dozna\u0144 i emocji. Sprawd\u017a, <strong><a href=\"https:\/\/www.empikfoto.pl\/prezenty-na-30-urodziny\">co wybra\u0107 na<\/a> <a href=\"https:\/\/www.empikfoto.pl\/prezenty-na-30-urodziny\">prezent na 30. urodziny<\/a><\/strong> dla dziewczyny z naszym poradnikiem!<\/p>\n<p><!--more--><\/p>\n<p>Tr\u00f3jka z przodu to doskona\u0142y moment na powiedzenie wyzwania i prze\u017cywanie wsp\u00f3lnej rado\u015bci w niecodzienny spos\u00f3b. Poni\u017cej przedstawiamy Wam gar\u015b\u0107 sprawdzonych pomys\u0142\u00f3w na niecodzienne i warto\u015bciowe<strong> <a href=\"https:\/\/www.empikfoto.pl\/prezenty-na-30-urodziny\">upominki na 30. urodziny<\/a><\/strong>. Mamy nadziej\u0119, \u017ce na d\u0142ugo zapami\u0119tacie to niezwyk\u0142e wydarzenie!<\/p>\n<p><img loading=\"lazy\" decoding=\"async\" class=\"aligncenter wp-image-9942 size-large\" src=\"https:\/\/blog.empikfoto.pl\/empikfoto\/2019\/03\/pexels-photo-3123915-1024x683.jpeg\" alt=\"\" width=\"1024\" height=\"683\" srcset=\"https:\/\/www.empikfoto.pl\/blog\/empikfoto\/2019\/03\/pexels-photo-3123915-1024x683.jpeg 1024w, https:\/\/www.empikfoto.pl\/blog\/empikfoto\/2019\/03\/pexels-photo-3123915-300x200.jpeg 300w, https:\/\/www.empikfoto.pl\/blog\/empikfoto\/2019\/03\/pexels-photo-3123915-768x512.jpeg 768w, https:\/\/www.empikfoto.pl\/blog\/empikfoto\/2019\/03\/pexels-photo-3123915-1536x1024.jpeg 1536w, https:\/\/www.empikfoto.pl\/blog\/empikfoto\/2019\/03\/pexels-photo-3123915-2048x1365.jpeg 2048w, https:\/\/www.empikfoto.pl\/blog\/empikfoto\/2019\/03\/pexels-photo-3123915-330x220.jpeg 330w, https:\/\/www.empikfoto.pl\/blog\/empikfoto\/2019\/03\/pexels-photo-3123915-400x267.jpeg 400w\" sizes=\"auto, (max-width: 1024px) 100vw, 1024px\" \/><\/p>\n<p>Brak pomys\u0142u na <a href=\"https:\/\/www.empikfoto.pl\/prezenty-na-30-urodziny\"><strong>prezent na 30. urodziny<\/strong><\/a>? Prawdopodobnie brakuje Ci inspiracji na wyj\u0105tkowe prezenty. Mamy na to spos\u00f3b! Wprowad\u017a w Jej \u017cycie odrobin\u0119 magii i przywo\u0142aj wspomnienia. Dzi\u0119ki personalnym upominkom zostan\u0105 z Wami na zawsze. Tak niewiele potrzeba, by sprawi\u0107 komu\u015b rado\u015b\u0107 i na chwil\u0119 przenie\u015b\u0107 si\u0119 do beztroskich lat.<\/p>\n<h2>Notatki zawsze pod r\u0119k\u0105<\/h2>\n<p>Ka\u017cda kobieta kocha planowa\u0107 i zapisywa\u0107 swoje my\u015bli. Pomys\u0142 na praktyczny prezent na trzydziestk\u0119 dla podr\u00f3\u017cniczki, estetki lub bizneswoman? \u017baden problem! <a href=\"https:\/\/www.empikfoto.pl\/fotoprezenty\/notesy\"><strong>Notesy drewniane i papierowe<\/strong><\/a> z\u00a0Twoim zdj\u0119ciem, napisem lub grafik\u0105\u00a0to wspania\u0142y pomys\u0142. Mo\u017cesz na przyk\u0142ad wybra\u0107 <strong>mo\u017cliwo\u015b\u0107 personalizacji ok\u0142adki<\/strong> i da\u0107 si\u0119 ponie\u015b\u0107 wyobra\u017ani. Spraw rado\u015b\u0107 i po raz kolejny zobacz ten szczery, najpi\u0119kniejszy u\u015bmiech na \u015bwiecie!<\/p>\n<p><img loading=\"lazy\" decoding=\"async\" class=\"aligncenter wp-image-9943 size-large\" src=\"https:\/\/blog.empikfoto.pl\/empikfoto\/2019\/03\/thumbnail-25-1024x682.jpg\" alt=\"personalizowany planer\" width=\"1024\" height=\"682\" srcset=\"https:\/\/www.empikfoto.pl\/blog\/empikfoto\/2019\/03\/thumbnail-25-1024x682.jpg 1024w, https:\/\/www.empikfoto.pl\/blog\/empikfoto\/2019\/03\/thumbnail-25-300x200.jpg 300w, https:\/\/www.empikfoto.pl\/blog\/empikfoto\/2019\/03\/thumbnail-25-768x511.jpg 768w, https:\/\/www.empikfoto.pl\/blog\/empikfoto\/2019\/03\/thumbnail-25-330x220.jpg 330w, https:\/\/www.empikfoto.pl\/blog\/empikfoto\/2019\/03\/thumbnail-25-400x266.jpg 400w, https:\/\/www.empikfoto.pl\/blog\/empikfoto\/2019\/03\/thumbnail-25.jpg 1314w\" sizes=\"auto, (max-width: 1024px) 100vw, 1024px\" \/><\/p>\n<h2>Bilet w jedn\u0105\u00a0stron\u0119<\/h2>\n<p>Nie bierz tego za dos\u0142ownie. Solenizant lub solenizantka z pewno\u015bci\u0105 marz\u0105 o koncercie swojego ulubionego artysty. Czy w najbli\u017cszym czasie zaplanowane jest wydarzenie, na kt\u00f3rym nie mo\u017ce Was zabrakn\u0105\u0107? Koniecznie sprawd\u017a, czy w sieci s\u0105\u00a0<strong>dost\u0119pne bilety na koncert, sztuk\u0119, film<\/strong>, kt\u00f3ry sprawi Wam rado\u015b\u0107. Chwilo trwaj!<\/p>\n<h2>B\u0105d\u017a bli\u017cej natury &#8211; drewniane prezenty z dusz\u0105<\/h2>\n<p>Ekologia to nie tylko moda, to spos\u00f3b na \u017cycie jeszcze bli\u017cej natury i docenianie ka\u017cdej chwili. Je\u015bli interesuj\u0105 Ci\u0119 personalne prezenty pomys\u0142\u00f3w jest naprawd\u0119 wiele.<strong> 30. urodziny to wyj\u0105tkowy dzie\u0144<\/strong>. Doskona\u0142ym sposobem na docenienie pasji i zainteresowa\u0144 kobiety w dniu 30. urodzin b\u0119d\u0105 <strong><a href=\"https:\/\/www.empikfoto.pl\/ramki-na-zdjecia\">ramki magnetyczne<\/a><\/strong> lub <strong><a href=\"https:\/\/www.empikfoto.pl\/albumy-na-zdjecia\/albumy-drewniane\">grawerowane albumy<\/a><\/strong>, kt\u00f3re pozwol\u0105 na s\u0142odkie wspomnienia najpi\u0119kniejszych chwil.<\/p>\n<p><img loading=\"lazy\" decoding=\"async\" class=\"aligncenter wp-image-9944 size-large\" src=\"https:\/\/blog.empikfoto.pl\/empikfoto\/2019\/03\/thumbnail-26-1024x732.jpg\" alt=\"album drewniany\" width=\"1024\" height=\"732\" srcset=\"https:\/\/www.empikfoto.pl\/blog\/empikfoto\/2019\/03\/thumbnail-26-1024x732.jpg 1024w, https:\/\/www.empikfoto.pl\/blog\/empikfoto\/2019\/03\/thumbnail-26-300x214.jpg 300w, https:\/\/www.empikfoto.pl\/blog\/empikfoto\/2019\/03\/thumbnail-26-768x549.jpg 768w, https:\/\/www.empikfoto.pl\/blog\/empikfoto\/2019\/03\/thumbnail-26-110x80.jpg 110w, https:\/\/www.empikfoto.pl\/blog\/empikfoto\/2019\/03\/thumbnail-26-400x286.jpg 400w, https:\/\/www.empikfoto.pl\/blog\/empikfoto\/2019\/03\/thumbnail-26.jpg 1226w\" sizes=\"auto, (max-width: 1024px) 100vw, 1024px\" \/><\/p>\n<h2>Fotoksi\u0105\u017cka &#8211; 30. urodziny dla Niej<\/h2>\n<p>Zdj\u0119cia w formie prezentu na urodziny nigdy nie wyjd\u0105 z mody. Nie oznacza to jednak, \u017ce musisz korzysta\u0107 z utartych schemat\u00f3w i po prostu je wywo\u0142a\u0107. <a href=\"https:\/\/www.empikfoto.pl\/fotoksiazka,30-urodziny\"><strong>Fotoksi\u0105\u017cka na 30. urodziny<\/strong><\/a> to\u00a0wyj\u0105tkowe rozwi\u0105zanie na prezent dla kobiety. Upominek z Waszymi zdj\u0119ciami przywo\u0142a mi\u0142e wspomnienia i pozwoli na odrobin\u0119 rado\u015bci ka\u017cdego dnia. Personalizacja i niebanalne po\u0142\u0105czenie wspomnie\u0144 zaprezentuje Wasze wsp\u00f3lne chwile w nowej formie.<\/p>\n<h2>Kubek niejedno ma imi\u0119<\/h2>\n<p>Prezent dla 30-letniej dziewczyny to niema\u0142e wyzwanie, ale<strong><a href=\"https:\/\/www.empikfoto.pl\/wszystkie-produkty\/fotokubki-rodzaje\"> kubki z Twoim zdj\u0119ciem<\/a><\/strong> s\u0105 idealnym sposobem na niecodzienny upominek. W\u015br\u00f3d mo\u017cliwo\u015bci mo\u017cesz liczy\u0107 klasyczne rozwi\u0105zania i te, kt\u00f3re w kreatywny spos\u00f3b poka\u017c\u0105, \u017ce pami\u0119tasz o tak wa\u017cnym dniu. Co powiesz na <strong><a href=\"https:\/\/www.empikfoto.pl\/wszystkie-produkty\/fotokubki?kubek=kubek-magiczny&amp;sort=default_desc\">magiczny kubek zmieniaj\u0105cy sw\u00f3j kolor<\/a><\/strong> pod wp\u0142ywem temperatury? A mo\u017ce na kawowe rozwi\u0105zanie, kt\u00f3re uzupe\u0142ni Wasze \u015bniadaniowe poranki? Nieszablonowe mo\u017cliwo\u015bci, ogrom kubk\u00f3w w ciekawych stylu i designie pozwoli Ci poszale\u0107.<\/p>\n<p><img loading=\"lazy\" decoding=\"async\" class=\"aligncenter wp-image-9945 size-large\" src=\"https:\/\/blog.empikfoto.pl\/empikfoto\/2019\/03\/thumbnail-27-1024x682.jpg\" alt=\"kubek z w\u0142asnym napisem\" width=\"1024\" height=\"682\" srcset=\"https:\/\/www.empikfoto.pl\/blog\/empikfoto\/2019\/03\/thumbnail-27-1024x682.jpg 1024w, https:\/\/www.empikfoto.pl\/blog\/empikfoto\/2019\/03\/thumbnail-27-300x200.jpg 300w, https:\/\/www.empikfoto.pl\/blog\/empikfoto\/2019\/03\/thumbnail-27-768x511.jpg 768w, https:\/\/www.empikfoto.pl\/blog\/empikfoto\/2019\/03\/thumbnail-27-330x220.jpg 330w, https:\/\/www.empikfoto.pl\/blog\/empikfoto\/2019\/03\/thumbnail-27-400x266.jpg 400w, https:\/\/www.empikfoto.pl\/blog\/empikfoto\/2019\/03\/thumbnail-27.jpg 1314w\" sizes=\"auto, (max-width: 1024px) 100vw, 1024px\" \/><\/p>\n<h2>Najcenniejszy jest czas<\/h2>\n<p>Czas to warto\u015b\u0107, kt\u00f3rej nie jeste\u015bmy w stanie zwr\u00f3ci\u0107. Niewykorzystane sekundy lubi\u0105 si\u0119 m\u015bci\u0107 i nigdy nie pozwalaj\u0105 na ich ponowne u\u017cytkowanie. Je\u015bli zbli\u017ca si\u0119 wielki dzie\u0144 30. urodzin, sp\u0119d\u017acie ten dzie\u0144 w taki spos\u00f3b, jak podpowiada Wasze serce. Chod\u017a przez kilka godzin nie musicie si\u0119 nigdy spieszy\u0107 i za\u0142atwia\u0107 \u017cadnych spraw.<\/p>\n<h2>Przestrzenny punkt widzenia<\/h2>\n<p>Rozmiar ma znaczenie! Je\u015bli chcesz zademonstrowa\u0107 swoje uczucia w niecodziennym wymiarze, wybierz Wasze wsp\u00f3lne zdj\u0119cie i zamie\u0144 je w ponadczasow\u0105 pami\u0105tk\u0119, kt\u00f3ra doskonale wpasuje si\u0119\u00a0w zaaran\u017cowane wn\u0119trze. Brzmi \u015bwietnie? <strong><a href=\"https:\/\/www.empikfoto.pl\/wystroj-wnetrz\/fotoplakaty\">Plakaty<\/a><\/strong>, <strong><a href=\"https:\/\/www.empikfoto.pl\/wystroj-wnetrz\/fotoobrazy-rodzaje\">fotoobrazy<\/a><\/strong>, <strong><a href=\"https:\/\/www.empikfoto.pl\/wystroj-wnetrz\/fotopanele\">panele<\/a> <\/strong>i <strong><a href=\"https:\/\/www.empikfoto.pl\/wszystkie-produkty\/poduszki-rodzaje\">poduszki<\/a> <\/strong>to nieograniczone mo\u017cliwo\u015bci na wyra\u017cenie swoich uczu\u0107 i wdzi\u0119czno\u015bci za kolejny wsp\u00f3lny rok. Nadaj Waszej relacji nieszablonowego rozmiaru i spraw rado\u015b\u0107.<\/p>\n<p><img loading=\"lazy\" decoding=\"async\" class=\"aligncenter wp-image-9946 size-large\" src=\"https:\/\/blog.empikfoto.pl\/empikfoto\/2019\/03\/thumbnail-28-1024x682.jpg\" alt=\"Fotoplakat\" width=\"1024\" height=\"682\" srcset=\"https:\/\/www.empikfoto.pl\/blog\/empikfoto\/2019\/03\/thumbnail-28-1024x682.jpg 1024w, https:\/\/www.empikfoto.pl\/blog\/empikfoto\/2019\/03\/thumbnail-28-300x200.jpg 300w, https:\/\/www.empikfoto.pl\/blog\/empikfoto\/2019\/03\/thumbnail-28-768x511.jpg 768w, https:\/\/www.empikfoto.pl\/blog\/empikfoto\/2019\/03\/thumbnail-28-330x220.jpg 330w, https:\/\/www.empikfoto.pl\/blog\/empikfoto\/2019\/03\/thumbnail-28-400x266.jpg 400w, https:\/\/www.empikfoto.pl\/blog\/empikfoto\/2019\/03\/thumbnail-28.jpg 1314w\" sizes=\"auto, (max-width: 1024px) 100vw, 1024px\" \/><\/p>\n<p>Sprawd\u017a nasze nietuzinkowe propozycje ju\u017c teraz. Wybierz prezent dzi\u0119ki jednej\u00a0z inspiracji.<\/p>\n","protected":false},"excerpt":{"rendered":"<p>Jak ten czas szybko leci! Jeszcze nie tak dawno \u015bwi\u0119towali\u015bcie urodziny w nucie szale\u0144czej m\u0142odo\u015bci, wybiera\u0142y\u015bcie sukienki na studni\u00f3wk\u0119. Bawili\u015bcie si\u0119 w akademiku podczas studi\u00f3w, a\u017c nagle wskaz\u00f3wka wybi\u0142a tak okr\u0105g\u0142a liczb\u0119 na liczniku bliskiej osoby. Z nami poka\u017cesz, \u017ce \u017cycie po trzydziestce dopiero si\u0119 zaczyna, a \u015bwiat ma do zaoferowania jeszcze wi\u0119cej barw, dozna\u0144 i emocji. Sprawd\u017a, co wybra\u0107 na prezent na 30. urodziny dla dziewczyny z naszym poradnikiem!<\/p>\n","protected":false},"author":16,"featured_media":9941,"comment_status":"closed","ping_status":"closed","sticky":false,"template":"","format":"standard","meta":{"footnotes":""},"categories":[1059],"tags":[],"class_list":["post-9702","post","type-post","status-publish","format-standard","has-post-thumbnail","hentry","category-pomysly-na-prezent"],"yoast_head":"<!-- This site is optimized with the Yoast SEO plugin v27.5 - https:\/\/yoast.com\/product\/yoast-seo-wordpress\/ -->\n<title>Prezent na 30. urodziny dla dziewczyny - co wybra\u0107? | Empik Foto<\/title>\n<meta name=\"description\" content=\"Prezent na 30. urodziny dla dziewczyny - odkryj pomys\u0142y na wyj\u0105tkowy podarunek dla jubilatki. Zainspiruj si\u0119 artyku\u0142em pe\u0142nym pomys\u0142\u00f3w.\" \/>\n<meta name=\"robots\" content=\"index, follow, max-snippet:-1, max-image-preview:large, max-video-preview:-1\" \/>\n<link rel=\"canonical\" href=\"https:\/\/www.empikfoto.pl\/blog\/prezent-na-30-urodziny-dla-dziewczyny-co-wybrac\/\" \/>\n<meta property=\"og:locale\" content=\"pl_PL\" \/>\n<meta property=\"og:type\" content=\"article\" \/>\n<meta property=\"og:title\" content=\"Prezent na 30. urodziny dla dziewczyny - co wybra\u0107? | Empik Foto\" \/>\n<meta property=\"og:description\" content=\"Prezent na 30. urodziny dla dziewczyny - odkryj pomys\u0142y na wyj\u0105tkowy podarunek dla jubilatki. Zainspiruj si\u0119 artyku\u0142em pe\u0142nym pomys\u0142\u00f3w.\" \/>\n<meta property=\"og:url\" content=\"https:\/\/www.empikfoto.pl\/blog\/prezent-na-30-urodziny-dla-dziewczyny-co-wybrac\/\" \/>\n<meta property=\"og:site_name\" content=\"blog.empikfoto.pl\" \/>\n<meta property=\"article:publisher\" content=\"https:\/\/www.facebook.com\/empikfotopl\/\" \/>\n<meta property=\"article:published_time\" content=\"2019-03-22T15:19:27+00:00\" \/>\n<meta property=\"article:modified_time\" content=\"2023-07-25T13:24:47+00:00\" \/>\n<meta property=\"og:image\" content=\"https:\/\/www.empikfoto.pl\/blog\/empikfoto\/2019\/03\/photo-1576944402538-227190ced1e1.jpg\" \/>\n\t<meta property=\"og:image:width\" content=\"1401\" \/>\n\t<meta property=\"og:image:height\" content=\"876\" \/>\n\t<meta property=\"og:image:type\" content=\"image\/jpeg\" \/>\n<meta name=\"author\" content=\"Patrycja\" \/>\n<meta name=\"twitter:card\" content=\"summary_large_image\" \/>\n<meta name=\"twitter:creator\" content=\"@empikfoto\" \/>\n<meta name=\"twitter:site\" content=\"@empikfoto\" \/>\n<meta name=\"twitter:label1\" content=\"Napisane przez\" \/>\n\t<meta name=\"twitter:data1\" content=\"Patrycja\" \/>\n\t<meta name=\"twitter:label2\" content=\"Szacowany czas czytania\" \/>\n\t<meta name=\"twitter:data2\" content=\"5 minut\" \/>\n<script type=\"application\/ld+json\" class=\"yoast-schema-graph\">{\"@context\":\"https:\\\/\\\/schema.org\",\"@graph\":[{\"@type\":\"Article\",\"@id\":\"https:\\\/\\\/www.empikfoto.pl\\\/blog\\\/prezent-na-30-urodziny-dla-dziewczyny-co-wybrac\\\/#article\",\"isPartOf\":{\"@id\":\"https:\\\/\\\/www.empikfoto.pl\\\/blog\\\/prezent-na-30-urodziny-dla-dziewczyny-co-wybrac\\\/\"},\"author\":{\"name\":\"Patrycja\",\"@id\":\"https:\\\/\\\/www.empikfoto.pl\\\/blog\\\/#\\\/schema\\\/person\\\/0313802ca5dac502e3266853c59632c0\"},\"headline\":\"Prezent na 30. urodziny dla dziewczyny &#8211; co wybra\u0107?\",\"datePublished\":\"2019-03-22T15:19:27+00:00\",\"dateModified\":\"2023-07-25T13:24:47+00:00\",\"mainEntityOfPage\":{\"@id\":\"https:\\\/\\\/www.empikfoto.pl\\\/blog\\\/prezent-na-30-urodziny-dla-dziewczyny-co-wybrac\\\/\"},\"wordCount\":732,\"image\":{\"@id\":\"https:\\\/\\\/www.empikfoto.pl\\\/blog\\\/prezent-na-30-urodziny-dla-dziewczyny-co-wybrac\\\/#primaryimage\"},\"thumbnailUrl\":\"https:\\\/\\\/www.empikfoto.pl\\\/blog\\\/empikfoto\\\/2019\\\/03\\\/photo-1576944402538-227190ced1e1.jpg\",\"articleSection\":[\"Pomys\u0142y na prezent\"],\"inLanguage\":\"pl-PL\"},{\"@type\":\"WebPage\",\"@id\":\"https:\\\/\\\/www.empikfoto.pl\\\/blog\\\/prezent-na-30-urodziny-dla-dziewczyny-co-wybrac\\\/\",\"url\":\"https:\\\/\\\/www.empikfoto.pl\\\/blog\\\/prezent-na-30-urodziny-dla-dziewczyny-co-wybrac\\\/\",\"name\":\"Prezent na 30. urodziny dla dziewczyny - co wybra\u0107? | Empik Foto\",\"isPartOf\":{\"@id\":\"https:\\\/\\\/www.empikfoto.pl\\\/blog\\\/#website\"},\"primaryImageOfPage\":{\"@id\":\"https:\\\/\\\/www.empikfoto.pl\\\/blog\\\/prezent-na-30-urodziny-dla-dziewczyny-co-wybrac\\\/#primaryimage\"},\"image\":{\"@id\":\"https:\\\/\\\/www.empikfoto.pl\\\/blog\\\/prezent-na-30-urodziny-dla-dziewczyny-co-wybrac\\\/#primaryimage\"},\"thumbnailUrl\":\"https:\\\/\\\/www.empikfoto.pl\\\/blog\\\/empikfoto\\\/2019\\\/03\\\/photo-1576944402538-227190ced1e1.jpg\",\"datePublished\":\"2019-03-22T15:19:27+00:00\",\"dateModified\":\"2023-07-25T13:24:47+00:00\",\"author\":{\"@id\":\"https:\\\/\\\/www.empikfoto.pl\\\/blog\\\/#\\\/schema\\\/person\\\/0313802ca5dac502e3266853c59632c0\"},\"description\":\"Prezent na 30. urodziny dla dziewczyny - odkryj pomys\u0142y na wyj\u0105tkowy podarunek dla jubilatki. Zainspiruj si\u0119 artyku\u0142em pe\u0142nym pomys\u0142\u00f3w.\",\"breadcrumb\":{\"@id\":\"https:\\\/\\\/www.empikfoto.pl\\\/blog\\\/prezent-na-30-urodziny-dla-dziewczyny-co-wybrac\\\/#breadcrumb\"},\"inLanguage\":\"pl-PL\",\"potentialAction\":[{\"@type\":\"ReadAction\",\"target\":[\"https:\\\/\\\/www.empikfoto.pl\\\/blog\\\/prezent-na-30-urodziny-dla-dziewczyny-co-wybrac\\\/\"]}]},{\"@type\":\"ImageObject\",\"inLanguage\":\"pl-PL\",\"@id\":\"https:\\\/\\\/www.empikfoto.pl\\\/blog\\\/prezent-na-30-urodziny-dla-dziewczyny-co-wybrac\\\/#primaryimage\",\"url\":\"https:\\\/\\\/www.empikfoto.pl\\\/blog\\\/empikfoto\\\/2019\\\/03\\\/photo-1576944402538-227190ced1e1.jpg\",\"contentUrl\":\"https:\\\/\\\/www.empikfoto.pl\\\/blog\\\/empikfoto\\\/2019\\\/03\\\/photo-1576944402538-227190ced1e1.jpg\",\"width\":1401,\"height\":876},{\"@type\":\"BreadcrumbList\",\"@id\":\"https:\\\/\\\/www.empikfoto.pl\\\/blog\\\/prezent-na-30-urodziny-dla-dziewczyny-co-wybrac\\\/#breadcrumb\",\"itemListElement\":[{\"@type\":\"ListItem\",\"position\":1,\"name\":\"Strona g\u0142\u00f3wna\",\"item\":\"https:\\\/\\\/www.empikfoto.pl\\\/blog\\\/\"},{\"@type\":\"ListItem\",\"position\":2,\"name\":\"Prezent na 30. urodziny dla dziewczyny &#8211; co wybra\u0107?\"}]},{\"@type\":\"WebSite\",\"@id\":\"https:\\\/\\\/www.empikfoto.pl\\\/blog\\\/#website\",\"url\":\"https:\\\/\\\/www.empikfoto.pl\\\/blog\\\/\",\"name\":\"blog.empikfoto.pl\",\"description\":\"Poznaj empikfoto.pl od \u015brodka! Dowiedz si\u0119 wi\u0119cej o odbitkach, fotoksi\u0105\u017ckach i fotografii.\",\"potentialAction\":[{\"@type\":\"SearchAction\",\"target\":{\"@type\":\"EntryPoint\",\"urlTemplate\":\"https:\\\/\\\/www.empikfoto.pl\\\/blog\\\/?s={search_term_string}\"},\"query-input\":{\"@type\":\"PropertyValueSpecification\",\"valueRequired\":true,\"valueName\":\"search_term_string\"}}],\"inLanguage\":\"pl-PL\"},{\"@type\":\"Person\",\"@id\":\"https:\\\/\\\/www.empikfoto.pl\\\/blog\\\/#\\\/schema\\\/person\\\/0313802ca5dac502e3266853c59632c0\",\"name\":\"Patrycja\",\"image\":{\"@type\":\"ImageObject\",\"inLanguage\":\"pl-PL\",\"@id\":\"https:\\\/\\\/secure.gravatar.com\\\/avatar\\\/f25168e12215ad42f58e5fb72881daaeb57bd4f907081046016f64bf167db59f?s=96&d=identicon&r=g\",\"url\":\"https:\\\/\\\/secure.gravatar.com\\\/avatar\\\/f25168e12215ad42f58e5fb72881daaeb57bd4f907081046016f64bf167db59f?s=96&d=identicon&r=g\",\"contentUrl\":\"https:\\\/\\\/secure.gravatar.com\\\/avatar\\\/f25168e12215ad42f58e5fb72881daaeb57bd4f907081046016f64bf167db59f?s=96&d=identicon&r=g\",\"caption\":\"Patrycja\"},\"url\":\"https:\\\/\\\/www.empikfoto.pl\\\/blog\\\/author\\\/patrycja\\\/\"}]}<\/script>\n<!-- \/ Yoast SEO plugin. -->","yoast_head_json":{"title":"Prezent na 30. urodziny dla dziewczyny - co wybra\u0107? | Empik Foto","description":"Prezent na 30. urodziny dla dziewczyny - odkryj pomys\u0142y na wyj\u0105tkowy podarunek dla jubilatki. Zainspiruj si\u0119 artyku\u0142em pe\u0142nym pomys\u0142\u00f3w.","robots":{"index":"index","follow":"follow","max-snippet":"max-snippet:-1","max-image-preview":"max-image-preview:large","max-video-preview":"max-video-preview:-1"},"canonical":"https:\/\/www.empikfoto.pl\/blog\/prezent-na-30-urodziny-dla-dziewczyny-co-wybrac\/","og_locale":"pl_PL","og_type":"article","og_title":"Prezent na 30. urodziny dla dziewczyny - co wybra\u0107? | Empik Foto","og_description":"Prezent na 30. urodziny dla dziewczyny - odkryj pomys\u0142y na wyj\u0105tkowy podarunek dla jubilatki. Zainspiruj si\u0119 artyku\u0142em pe\u0142nym pomys\u0142\u00f3w.","og_url":"https:\/\/www.empikfoto.pl\/blog\/prezent-na-30-urodziny-dla-dziewczyny-co-wybrac\/","og_site_name":"blog.empikfoto.pl","article_publisher":"https:\/\/www.facebook.com\/empikfotopl\/","article_published_time":"2019-03-22T15:19:27+00:00","article_modified_time":"2023-07-25T13:24:47+00:00","og_image":[{"width":1401,"height":876,"url":"https:\/\/www.empikfoto.pl\/blog\/empikfoto\/2019\/03\/photo-1576944402538-227190ced1e1.jpg","type":"image\/jpeg"}],"author":"Patrycja","twitter_card":"summary_large_image","twitter_creator":"@empikfoto","twitter_site":"@empikfoto","twitter_misc":{"Napisane przez":"Patrycja","Szacowany czas czytania":"5 minut"},"schema":{"@context":"https:\/\/schema.org","@graph":[{"@type":"Article","@id":"https:\/\/www.empikfoto.pl\/blog\/prezent-na-30-urodziny-dla-dziewczyny-co-wybrac\/#article","isPartOf":{"@id":"https:\/\/www.empikfoto.pl\/blog\/prezent-na-30-urodziny-dla-dziewczyny-co-wybrac\/"},"author":{"name":"Patrycja","@id":"https:\/\/www.empikfoto.pl\/blog\/#\/schema\/person\/0313802ca5dac502e3266853c59632c0"},"headline":"Prezent na 30. urodziny dla dziewczyny &#8211; co wybra\u0107?","datePublished":"2019-03-22T15:19:27+00:00","dateModified":"2023-07-25T13:24:47+00:00","mainEntityOfPage":{"@id":"https:\/\/www.empikfoto.pl\/blog\/prezent-na-30-urodziny-dla-dziewczyny-co-wybrac\/"},"wordCount":732,"image":{"@id":"https:\/\/www.empikfoto.pl\/blog\/prezent-na-30-urodziny-dla-dziewczyny-co-wybrac\/#primaryimage"},"thumbnailUrl":"https:\/\/www.empikfoto.pl\/blog\/empikfoto\/2019\/03\/photo-1576944402538-227190ced1e1.jpg","articleSection":["Pomys\u0142y na prezent"],"inLanguage":"pl-PL"},{"@type":"WebPage","@id":"https:\/\/www.empikfoto.pl\/blog\/prezent-na-30-urodziny-dla-dziewczyny-co-wybrac\/","url":"https:\/\/www.empikfoto.pl\/blog\/prezent-na-30-urodziny-dla-dziewczyny-co-wybrac\/","name":"Prezent na 30. urodziny dla dziewczyny - co wybra\u0107? | Empik Foto","isPartOf":{"@id":"https:\/\/www.empikfoto.pl\/blog\/#website"},"primaryImageOfPage":{"@id":"https:\/\/www.empikfoto.pl\/blog\/prezent-na-30-urodziny-dla-dziewczyny-co-wybrac\/#primaryimage"},"image":{"@id":"https:\/\/www.empikfoto.pl\/blog\/prezent-na-30-urodziny-dla-dziewczyny-co-wybrac\/#primaryimage"},"thumbnailUrl":"https:\/\/www.empikfoto.pl\/blog\/empikfoto\/2019\/03\/photo-1576944402538-227190ced1e1.jpg","datePublished":"2019-03-22T15:19:27+00:00","dateModified":"2023-07-25T13:24:47+00:00","author":{"@id":"https:\/\/www.empikfoto.pl\/blog\/#\/schema\/person\/0313802ca5dac502e3266853c59632c0"},"description":"Prezent na 30. urodziny dla dziewczyny - odkryj pomys\u0142y na wyj\u0105tkowy podarunek dla jubilatki. Zainspiruj si\u0119 artyku\u0142em pe\u0142nym pomys\u0142\u00f3w.","breadcrumb":{"@id":"https:\/\/www.empikfoto.pl\/blog\/prezent-na-30-urodziny-dla-dziewczyny-co-wybrac\/#breadcrumb"},"inLanguage":"pl-PL","potentialAction":[{"@type":"ReadAction","target":["https:\/\/www.empikfoto.pl\/blog\/prezent-na-30-urodziny-dla-dziewczyny-co-wybrac\/"]}]},{"@type":"ImageObject","inLanguage":"pl-PL","@id":"https:\/\/www.empikfoto.pl\/blog\/prezent-na-30-urodziny-dla-dziewczyny-co-wybrac\/#primaryimage","url":"https:\/\/www.empikfoto.pl\/blog\/empikfoto\/2019\/03\/photo-1576944402538-227190ced1e1.jpg","contentUrl":"https:\/\/www.empikfoto.pl\/blog\/empikfoto\/2019\/03\/photo-1576944402538-227190ced1e1.jpg","width":1401,"height":876},{"@type":"BreadcrumbList","@id":"https:\/\/www.empikfoto.pl\/blog\/prezent-na-30-urodziny-dla-dziewczyny-co-wybrac\/#breadcrumb","itemListElement":[{"@type":"ListItem","position":1,"name":"Strona g\u0142\u00f3wna","item":"https:\/\/www.empikfoto.pl\/blog\/"},{"@type":"ListItem","position":2,"name":"Prezent na 30. urodziny dla dziewczyny &#8211; co wybra\u0107?"}]},{"@type":"WebSite","@id":"https:\/\/www.empikfoto.pl\/blog\/#website","url":"https:\/\/www.empikfoto.pl\/blog\/","name":"blog.empikfoto.pl","description":"Poznaj empikfoto.pl od \u015brodka! Dowiedz si\u0119 wi\u0119cej o odbitkach, fotoksi\u0105\u017ckach i fotografii.","potentialAction":[{"@type":"SearchAction","target":{"@type":"EntryPoint","urlTemplate":"https:\/\/www.empikfoto.pl\/blog\/?s={search_term_string}"},"query-input":{"@type":"PropertyValueSpecification","valueRequired":true,"valueName":"search_term_string"}}],"inLanguage":"pl-PL"},{"@type":"Person","@id":"https:\/\/www.empikfoto.pl\/blog\/#\/schema\/person\/0313802ca5dac502e3266853c59632c0","name":"Patrycja","image":{"@type":"ImageObject","inLanguage":"pl-PL","@id":"https:\/\/secure.gravatar.com\/avatar\/f25168e12215ad42f58e5fb72881daaeb57bd4f907081046016f64bf167db59f?s=96&d=identicon&r=g","url":"https:\/\/secure.gravatar.com\/avatar\/f25168e12215ad42f58e5fb72881daaeb57bd4f907081046016f64bf167db59f?s=96&d=identicon&r=g","contentUrl":"https:\/\/secure.gravatar.com\/avatar\/f25168e12215ad42f58e5fb72881daaeb57bd4f907081046016f64bf167db59f?s=96&d=identicon&r=g","caption":"Patrycja"},"url":"https:\/\/www.empikfoto.pl\/blog\/author\/patrycja\/"}]}},"amp_enabled":true,"_links":{"self":[{"href":"https:\/\/www.empikfoto.pl\/blog\/wp-json\/wp\/v2\/posts\/9702","targetHints":{"allow":["GET"]}}],"collection":[{"href":"https:\/\/www.empikfoto.pl\/blog\/wp-json\/wp\/v2\/posts"}],"about":[{"href":"https:\/\/www.empikfoto.pl\/blog\/wp-json\/wp\/v2\/types\/post"}],"author":[{"embeddable":true,"href":"https:\/\/www.empikfoto.pl\/blog\/wp-json\/wp\/v2\/users\/16"}],"replies":[{"embeddable":true,"href":"https:\/\/www.empikfoto.pl\/blog\/wp-json\/wp\/v2\/comments?post=9702"}],"version-history":[{"count":4,"href":"https:\/\/www.empikfoto.pl\/blog\/wp-json\/wp\/v2\/posts\/9702\/revisions"}],"predecessor-version":[{"id":12494,"href":"https:\/\/www.empikfoto.pl\/blog\/wp-json\/wp\/v2\/posts\/9702\/revisions\/12494"}],"wp:featuredmedia":[{"embeddable":true,"href":"https:\/\/www.empikfoto.pl\/blog\/wp-json\/wp\/v2\/media\/9941"}],"wp:attachment":[{"href":"https:\/\/www.empikfoto.pl\/blog\/wp-json\/wp\/v2\/media?parent=9702"}],"wp:term":[{"taxonomy":"category","embeddable":true,"href":"https:\/\/www.empikfoto.pl\/blog\/wp-json\/wp\/v2\/categories?post=9702"},{"taxonomy":"post_tag","embeddable":true,"href":"https:\/\/www.empikfoto.pl\/blog\/wp-json\/wp\/v2\/tags?post=9702"}],"curies":[{"name":"wp","href":"https:\/\/api.w.org\/{rel}","templated":true}]}}