{"id":9710,"date":"2018-05-22T16:28:36","date_gmt":"2018-05-22T14:28:36","guid":{"rendered":"https:\/\/blog.empikfoto.pl\/?p=9710"},"modified":"2023-07-27T12:54:11","modified_gmt":"2023-07-27T10:54:11","slug":"prezent-na-100-urodziny-co-dac-na-ten-jubileusz","status":"publish","type":"post","link":"https:\/\/www.empikfoto.pl\/blog\/prezent-na-100-urodziny-co-dac-na-ten-jubileusz\/","title":{"rendered":"Prezent na 100 urodziny &#8211; co da\u0107 na ten wspania\u0142y jubileusz?"},"content":{"rendered":"<p>Wyobra\u017casz sobie prze\u017cy\u0107 100 lat? By\u0107 mo\u017ce nie wybiegasz jeszcze tak daleko w przysz\u0142o\u015b\u0107. Na szcz\u0119\u015bcie Twojemu dziadkowi lub babci uda\u0142a si\u0119 ta sztuka i ju\u017c wkr\u00f3tce ca\u0142a rodzina dotrze na<strong> celebracj\u0119 setnych urodzin<\/strong>. Taki wiek to ju\u017c naprawd\u0119 co\u015b, dlatego warto przygotowa\u0107 niezapomnian\u0105 imprez\u0119, kt\u00f3ra przypomni babci lub dziadkowi stare, dobre czasy, kiedy zdrowie pozwala\u0142o na weso\u0142o pl\u0105sy. Poznaj recept\u0119 na niezapomniany <a href=\"https:\/\/www.empikfoto.pl\/prezenty\/dla-dziadkow\"><strong>prezent na 100 urodziny dla babci lub dziadka<\/strong><\/a>. Sprawd\u017a z nami sprawdzone pomys\u0142y na upominek.<!--more--><\/p>\n<p>Nadszed\u0142 czas na to, aby podzi\u0119kowa\u0107 za wszystkie wspania\u0142e historie opowiedziane w dzieci\u0144stwie, z\u0142ote rady, smaczne obiady i gar\u015b\u0107 historycznych informacji z pierwszej r\u0119ki. Nadszed\u0142 moment, w kt\u00f3rym to Ty powiniene\u015b da\u0107 od siebie co\u015b niezwyk\u0142ego. No w\u0142a\u015bnie, tylko co? Podejd\u017a do sprawy z rado\u015bci\u0105 i z humorem. Jeste\u015bmy pewni, \u017ce babcia lub dziadek ciesz\u0105 si\u0119 doskona\u0142ym poczuciem humoru. Wybierz z nami prezent na 100 urodziny!<\/p>\n<h2>Jasiek na setne urodziny<\/h2>\n<p>Z czym kojarz\u0105 Ci si\u0119 najlepsze wakacje u dziadk\u00f3w? Nam z ciep\u0142ym kocem, gor\u0105cym mlekiem i wspania\u0142ym czasem sp\u0119dzonym w niezast\u0105pionej atmosferze. Je\u015bli szukasz prezentu dla wyj\u0105tkowej osoby, kt\u00f3ra podarowa\u0142a tyle swojej blisko\u015bci i czu\u0142o\u015bci, <a href=\"https:\/\/www.empikfoto.pl\/wystroj-wnetrz\/poduszki?material=bawelna&amp;sort=default_desc\"><strong>poduszka z nadrukiem<\/strong><\/a> to \u015bwietny wyb\u00f3r. Ka\u017cda babcia i ka\u017cdy dziadek powinien mie\u0107 miejsce, w kt\u00f3rym odpoczn\u0105\u00a0po radosnych podskokach ze swoimi wnucz\u0119tami i gdzie u\u0142o\u017c\u0105 do snu swoje prawnucz\u0119ta. Poduszka z nadrukiem na przyk\u0142ad w formie wsp\u00f3lnej fotografii lub od lat powtarzanego cytatu sprawi im ogromn\u0105\u00a0dawk\u0119\u00a0rado\u015bci ka\u017cdego dnia.<\/p>\n<p><img loading=\"lazy\" decoding=\"async\" class=\"aligncenter wp-image-9925 size-large\" src=\"https:\/\/blog.empikfoto.pl\/empikfoto\/2018\/05\/pexels-photo-1454806-1024x630.jpeg\" alt=\"\" width=\"1024\" height=\"630\" srcset=\"https:\/\/www.empikfoto.pl\/blog\/empikfoto\/2018\/05\/pexels-photo-1454806-1024x630.jpeg 1024w, https:\/\/www.empikfoto.pl\/blog\/empikfoto\/2018\/05\/pexels-photo-1454806-300x185.jpeg 300w, https:\/\/www.empikfoto.pl\/blog\/empikfoto\/2018\/05\/pexels-photo-1454806-768x472.jpeg 768w, https:\/\/www.empikfoto.pl\/blog\/empikfoto\/2018\/05\/pexels-photo-1454806-1536x945.jpeg 1536w, https:\/\/www.empikfoto.pl\/blog\/empikfoto\/2018\/05\/pexels-photo-1454806-2048x1260.jpeg 2048w, https:\/\/www.empikfoto.pl\/blog\/empikfoto\/2018\/05\/pexels-photo-1454806-400x246.jpeg 400w\" sizes=\"auto, (max-width: 1024px) 100vw, 1024px\" \/><\/p>\n<h2>Prezent na 100 urodziny na pami\u0119\u0107 i dobr\u0105 kondycj\u0119 m\u00f3zgu<\/h2>\n<p>Nasz m\u00f3zg mo\u017ce pracowa\u0107 wydajnie nawet po przekroczeniu magicznej setki na liczniku. Jedynym warunkiem, kt\u00f3ry musimy spe\u0142ni\u0107 jest odpowiednie dbanie o jego kondycj\u0119. Najlepsza gimnastyka dla m\u00f3zgu m\u0142odszych i starszych to \u0142amig\u0142\u00f3wki. Co powiecie na wsp\u00f3lne uk\u0142adanie <a href=\"https:\/\/www.empikfoto.pl\/puzzle\"><strong>puzzli z rodzinnym zdj\u0119ciem<\/strong><\/a>?\u00a0A kiedy uda Wam si\u0119 u\u0142o\u017cy\u0107 ca\u0142\u0105 fotografi\u0119, mo\u017cecie oprawi\u0107 j\u0105 w antyram\u0119. Powie\u015bcie j\u0105 na \u015bcian\u0119 jako pami\u0105tk\u0119 wspania\u0142ych wspomnie\u0144.<\/p>\n<p><img loading=\"lazy\" decoding=\"async\" class=\"aligncenter wp-image-9927 size-large\" src=\"https:\/\/blog.empikfoto.pl\/empikfoto\/2018\/05\/photo-1588591795084-1770cb3be374-1024x683.jpg\" alt=\"\" width=\"1024\" height=\"683\" srcset=\"https:\/\/www.empikfoto.pl\/blog\/empikfoto\/2018\/05\/photo-1588591795084-1770cb3be374-1024x683.jpg 1024w, https:\/\/www.empikfoto.pl\/blog\/empikfoto\/2018\/05\/photo-1588591795084-1770cb3be374-300x200.jpg 300w, https:\/\/www.empikfoto.pl\/blog\/empikfoto\/2018\/05\/photo-1588591795084-1770cb3be374-768x512.jpg 768w, https:\/\/www.empikfoto.pl\/blog\/empikfoto\/2018\/05\/photo-1588591795084-1770cb3be374-330x220.jpg 330w, https:\/\/www.empikfoto.pl\/blog\/empikfoto\/2018\/05\/photo-1588591795084-1770cb3be374-400x267.jpg 400w, https:\/\/www.empikfoto.pl\/blog\/empikfoto\/2018\/05\/photo-1588591795084-1770cb3be374.jpg 1050w\" sizes=\"auto, (max-width: 1024px) 100vw, 1024px\" \/><\/p>\n<h2>Kubek w stylu retro<\/h2>\n<p>Setne urodziny to doskona\u0142y pow\u00f3d do tego, aby sprawi\u0107 babci lub dziadkowi ciekawy prezent w stylu retro. <a href=\"https:\/\/www.empikfoto.pl\/fotoprezenty\/kubek-emaliowany\"><strong>Kubek emaliowany z nadrukiem<\/strong><\/a>\u00a0to powr\u00f3t do m\u0142odo\u015bci i beztroskich chwil w gronie przyjaci\u00f3\u0142. Dzi\u0119ki niemu ka\u017cde posiedzenie przy herbatce i ciasteczku nabierze nowego wymiaru. Stworzenie spersonalizowanego kubka z Waszymi zdj\u0119ciami jest proste i pozwala na budowanie kolejnych wspomnie\u0144 i uwiecznianie ich w praktyczny spos\u00f3b.<\/p>\n<p><img loading=\"lazy\" decoding=\"async\" class=\"aligncenter wp-image-9926 size-large\" src=\"https:\/\/blog.empikfoto.pl\/empikfoto\/2018\/05\/thumbnail-1-1024x682.jpg\" alt=\"kubek retro\" width=\"1024\" height=\"682\" srcset=\"https:\/\/www.empikfoto.pl\/blog\/empikfoto\/2018\/05\/thumbnail-1-1024x682.jpg 1024w, https:\/\/www.empikfoto.pl\/blog\/empikfoto\/2018\/05\/thumbnail-1-300x200.jpg 300w, https:\/\/www.empikfoto.pl\/blog\/empikfoto\/2018\/05\/thumbnail-1-768x511.jpg 768w, https:\/\/www.empikfoto.pl\/blog\/empikfoto\/2018\/05\/thumbnail-1-330x220.jpg 330w, https:\/\/www.empikfoto.pl\/blog\/empikfoto\/2018\/05\/thumbnail-1-400x266.jpg 400w, https:\/\/www.empikfoto.pl\/blog\/empikfoto\/2018\/05\/thumbnail-1.jpg 1314w\" sizes=\"auto, (max-width: 1024px) 100vw, 1024px\" \/><\/p>\n<h2>Dzie\u0144 bez smartphona<\/h2>\n<p>XXI wiek to czas wykluczenia os\u00f3b starszych, kt\u00f3re rzadko pos\u0142uguj\u0105\u00a0si\u0119 nowoczesnymi telefonami, przez co cz\u0119sto trac\u0105 kontakt ze \u015bwiatem i najbli\u017csz\u0105 rodzin\u0105. Zamiast kolejnego postu i poziomu w grze, zadbaj o dobre samopoczucie babci. Po\u015bwi\u0119\u0107 im sw\u00f3j czas i zorganizujcie w rodzinie dzie\u0144 bez telefon\u00f3w.<\/p>\n<p>Gotowi na huczn\u0105\u00a0imprez\u0119 setnych urodzin solenizantki lub solenizanta? Zabierzcie ze sob\u0105<strong> ogromn\u0105\u00a0dawk\u0119 pozytywnego humoru<\/strong>. Tak, aby opowiadanymi \u017cartami nie odstawa\u0107 (przynajmniej za bardzo) od poziomu \u017cart\u00f3w dziadku lub babci.<\/p>\n<p><img loading=\"lazy\" decoding=\"async\" class=\"aligncenter wp-image-9923 size-large\" src=\"https:\/\/blog.empikfoto.pl\/empikfoto\/2018\/05\/pexels-photo-3768131-1024x683.jpeg\" alt=\"\" width=\"1024\" height=\"683\" srcset=\"https:\/\/www.empikfoto.pl\/blog\/empikfoto\/2018\/05\/pexels-photo-3768131-1024x683.jpeg 1024w, https:\/\/www.empikfoto.pl\/blog\/empikfoto\/2018\/05\/pexels-photo-3768131-300x200.jpeg 300w, https:\/\/www.empikfoto.pl\/blog\/empikfoto\/2018\/05\/pexels-photo-3768131-768x512.jpeg 768w, https:\/\/www.empikfoto.pl\/blog\/empikfoto\/2018\/05\/pexels-photo-3768131-1536x1024.jpeg 1536w, https:\/\/www.empikfoto.pl\/blog\/empikfoto\/2018\/05\/pexels-photo-3768131-2048x1365.jpeg 2048w, https:\/\/www.empikfoto.pl\/blog\/empikfoto\/2018\/05\/pexels-photo-3768131-330x220.jpeg 330w, https:\/\/www.empikfoto.pl\/blog\/empikfoto\/2018\/05\/pexels-photo-3768131-400x267.jpeg 400w\" sizes=\"auto, (max-width: 1024px) 100vw, 1024px\" \/><\/p>\n","protected":false},"excerpt":{"rendered":"<p>Wyobra\u017casz sobie prze\u017cy\u0107 100 lat? By\u0107 mo\u017ce nie wybiegasz jeszcze tak daleko w przysz\u0142o\u015b\u0107. Na szcz\u0119\u015bcie Twojemu dziadkowi lub babci uda\u0142a si\u0119 ta sztuka i ju\u017c wkr\u00f3tce ca\u0142a rodzina dotrze na celebracj\u0119 setnych urodzin. Taki wiek to ju\u017c naprawd\u0119 co\u015b, dlatego warto przygotowa\u0107 niezapomnian\u0105 imprez\u0119, kt\u00f3ra przypomni babci lub dziadkowi stare, dobre czasy, kiedy zdrowie pozwala\u0142o na weso\u0142o pl\u0105sy. Poznaj recept\u0119 na niezapomniany prezent na 100 urodziny dla babci lub dziadka. Sprawd\u017a z nami sprawdzone pomys\u0142y na upominek.<\/p>\n","protected":false},"author":16,"featured_media":9922,"comment_status":"closed","ping_status":"closed","sticky":false,"template":"","format":"standard","meta":{"footnotes":""},"categories":[1059],"tags":[],"class_list":["post-9710","post","type-post","status-publish","format-standard","has-post-thumbnail","hentry","category-pomysly-na-prezent"],"yoast_head":"<!-- This site is optimized with the Yoast SEO plugin v27.5 - https:\/\/yoast.com\/product\/yoast-seo-wordpress\/ -->\n<title>Prezent na 100 urodziny - co da\u0107 na ten jubileusz? | Empik Foto<\/title>\n<meta name=\"description\" content=\"Prezent na 100 urodziny - odkryj wyj\u0105tkowe pomys\u0142y na podarunek dla jubilata z okazji setnych urodzin. Wybierz niezapomniany prezent.\" \/>\n<meta name=\"robots\" content=\"index, follow, max-snippet:-1, max-image-preview:large, max-video-preview:-1\" \/>\n<link rel=\"canonical\" href=\"https:\/\/www.empikfoto.pl\/blog\/prezent-na-100-urodziny-co-dac-na-ten-jubileusz\/\" \/>\n<meta property=\"og:locale\" content=\"pl_PL\" \/>\n<meta property=\"og:type\" content=\"article\" \/>\n<meta property=\"og:title\" content=\"Prezent na 100 urodziny - co da\u0107 na ten jubileusz? | Empik Foto\" \/>\n<meta property=\"og:description\" content=\"Prezent na 100 urodziny - odkryj wyj\u0105tkowe pomys\u0142y na podarunek dla jubilata z okazji setnych urodzin. Wybierz niezapomniany prezent.\" \/>\n<meta property=\"og:url\" content=\"https:\/\/www.empikfoto.pl\/blog\/prezent-na-100-urodziny-co-dac-na-ten-jubileusz\/\" \/>\n<meta property=\"og:site_name\" content=\"blog.empikfoto.pl\" \/>\n<meta property=\"article:publisher\" content=\"https:\/\/www.facebook.com\/empikfotopl\/\" \/>\n<meta property=\"article:published_time\" content=\"2018-05-22T14:28:36+00:00\" \/>\n<meta property=\"article:modified_time\" content=\"2023-07-27T10:54:11+00:00\" \/>\n<meta property=\"og:image\" content=\"https:\/\/www.empikfoto.pl\/blog\/empikfoto\/2018\/05\/pexels-photo-3768136.jpeg\" \/>\n\t<meta property=\"og:image:width\" content=\"2250\" \/>\n\t<meta property=\"og:image:height\" content=\"1500\" \/>\n\t<meta property=\"og:image:type\" content=\"image\/jpeg\" \/>\n<meta name=\"author\" content=\"Patrycja\" \/>\n<meta name=\"twitter:card\" content=\"summary_large_image\" \/>\n<meta name=\"twitter:creator\" content=\"@empikfoto\" \/>\n<meta name=\"twitter:site\" content=\"@empikfoto\" \/>\n<meta name=\"twitter:label1\" content=\"Napisane przez\" \/>\n\t<meta name=\"twitter:data1\" content=\"Patrycja\" \/>\n\t<meta name=\"twitter:label2\" content=\"Szacowany czas czytania\" \/>\n\t<meta name=\"twitter:data2\" content=\"4 minuty\" \/>\n<script type=\"application\/ld+json\" class=\"yoast-schema-graph\">{\"@context\":\"https:\\\/\\\/schema.org\",\"@graph\":[{\"@type\":\"Article\",\"@id\":\"https:\\\/\\\/www.empikfoto.pl\\\/blog\\\/prezent-na-100-urodziny-co-dac-na-ten-jubileusz\\\/#article\",\"isPartOf\":{\"@id\":\"https:\\\/\\\/www.empikfoto.pl\\\/blog\\\/prezent-na-100-urodziny-co-dac-na-ten-jubileusz\\\/\"},\"author\":{\"name\":\"Patrycja\",\"@id\":\"https:\\\/\\\/www.empikfoto.pl\\\/blog\\\/#\\\/schema\\\/person\\\/0313802ca5dac502e3266853c59632c0\"},\"headline\":\"Prezent na 100 urodziny &#8211; co da\u0107 na ten wspania\u0142y jubileusz?\",\"datePublished\":\"2018-05-22T14:28:36+00:00\",\"dateModified\":\"2023-07-27T10:54:11+00:00\",\"mainEntityOfPage\":{\"@id\":\"https:\\\/\\\/www.empikfoto.pl\\\/blog\\\/prezent-na-100-urodziny-co-dac-na-ten-jubileusz\\\/\"},\"wordCount\":543,\"image\":{\"@id\":\"https:\\\/\\\/www.empikfoto.pl\\\/blog\\\/prezent-na-100-urodziny-co-dac-na-ten-jubileusz\\\/#primaryimage\"},\"thumbnailUrl\":\"https:\\\/\\\/www.empikfoto.pl\\\/blog\\\/empikfoto\\\/2018\\\/05\\\/pexels-photo-3768136.jpeg\",\"articleSection\":[\"Pomys\u0142y na prezent\"],\"inLanguage\":\"pl-PL\"},{\"@type\":\"WebPage\",\"@id\":\"https:\\\/\\\/www.empikfoto.pl\\\/blog\\\/prezent-na-100-urodziny-co-dac-na-ten-jubileusz\\\/\",\"url\":\"https:\\\/\\\/www.empikfoto.pl\\\/blog\\\/prezent-na-100-urodziny-co-dac-na-ten-jubileusz\\\/\",\"name\":\"Prezent na 100 urodziny - co da\u0107 na ten jubileusz? | Empik Foto\",\"isPartOf\":{\"@id\":\"https:\\\/\\\/www.empikfoto.pl\\\/blog\\\/#website\"},\"primaryImageOfPage\":{\"@id\":\"https:\\\/\\\/www.empikfoto.pl\\\/blog\\\/prezent-na-100-urodziny-co-dac-na-ten-jubileusz\\\/#primaryimage\"},\"image\":{\"@id\":\"https:\\\/\\\/www.empikfoto.pl\\\/blog\\\/prezent-na-100-urodziny-co-dac-na-ten-jubileusz\\\/#primaryimage\"},\"thumbnailUrl\":\"https:\\\/\\\/www.empikfoto.pl\\\/blog\\\/empikfoto\\\/2018\\\/05\\\/pexels-photo-3768136.jpeg\",\"datePublished\":\"2018-05-22T14:28:36+00:00\",\"dateModified\":\"2023-07-27T10:54:11+00:00\",\"author\":{\"@id\":\"https:\\\/\\\/www.empikfoto.pl\\\/blog\\\/#\\\/schema\\\/person\\\/0313802ca5dac502e3266853c59632c0\"},\"description\":\"Prezent na 100 urodziny - odkryj wyj\u0105tkowe pomys\u0142y na podarunek dla jubilata z okazji setnych urodzin. Wybierz niezapomniany prezent.\",\"breadcrumb\":{\"@id\":\"https:\\\/\\\/www.empikfoto.pl\\\/blog\\\/prezent-na-100-urodziny-co-dac-na-ten-jubileusz\\\/#breadcrumb\"},\"inLanguage\":\"pl-PL\",\"potentialAction\":[{\"@type\":\"ReadAction\",\"target\":[\"https:\\\/\\\/www.empikfoto.pl\\\/blog\\\/prezent-na-100-urodziny-co-dac-na-ten-jubileusz\\\/\"]}]},{\"@type\":\"ImageObject\",\"inLanguage\":\"pl-PL\",\"@id\":\"https:\\\/\\\/www.empikfoto.pl\\\/blog\\\/prezent-na-100-urodziny-co-dac-na-ten-jubileusz\\\/#primaryimage\",\"url\":\"https:\\\/\\\/www.empikfoto.pl\\\/blog\\\/empikfoto\\\/2018\\\/05\\\/pexels-photo-3768136.jpeg\",\"contentUrl\":\"https:\\\/\\\/www.empikfoto.pl\\\/blog\\\/empikfoto\\\/2018\\\/05\\\/pexels-photo-3768136.jpeg\",\"width\":2250,\"height\":1500},{\"@type\":\"BreadcrumbList\",\"@id\":\"https:\\\/\\\/www.empikfoto.pl\\\/blog\\\/prezent-na-100-urodziny-co-dac-na-ten-jubileusz\\\/#breadcrumb\",\"itemListElement\":[{\"@type\":\"ListItem\",\"position\":1,\"name\":\"Strona g\u0142\u00f3wna\",\"item\":\"https:\\\/\\\/www.empikfoto.pl\\\/blog\\\/\"},{\"@type\":\"ListItem\",\"position\":2,\"name\":\"Prezent na 100 urodziny &#8211; co da\u0107 na ten wspania\u0142y jubileusz?\"}]},{\"@type\":\"WebSite\",\"@id\":\"https:\\\/\\\/www.empikfoto.pl\\\/blog\\\/#website\",\"url\":\"https:\\\/\\\/www.empikfoto.pl\\\/blog\\\/\",\"name\":\"blog.empikfoto.pl\",\"description\":\"Poznaj empikfoto.pl od \u015brodka! Dowiedz si\u0119 wi\u0119cej o odbitkach, fotoksi\u0105\u017ckach i fotografii.\",\"potentialAction\":[{\"@type\":\"SearchAction\",\"target\":{\"@type\":\"EntryPoint\",\"urlTemplate\":\"https:\\\/\\\/www.empikfoto.pl\\\/blog\\\/?s={search_term_string}\"},\"query-input\":{\"@type\":\"PropertyValueSpecification\",\"valueRequired\":true,\"valueName\":\"search_term_string\"}}],\"inLanguage\":\"pl-PL\"},{\"@type\":\"Person\",\"@id\":\"https:\\\/\\\/www.empikfoto.pl\\\/blog\\\/#\\\/schema\\\/person\\\/0313802ca5dac502e3266853c59632c0\",\"name\":\"Patrycja\",\"image\":{\"@type\":\"ImageObject\",\"inLanguage\":\"pl-PL\",\"@id\":\"https:\\\/\\\/secure.gravatar.com\\\/avatar\\\/f25168e12215ad42f58e5fb72881daaeb57bd4f907081046016f64bf167db59f?s=96&d=identicon&r=g\",\"url\":\"https:\\\/\\\/secure.gravatar.com\\\/avatar\\\/f25168e12215ad42f58e5fb72881daaeb57bd4f907081046016f64bf167db59f?s=96&d=identicon&r=g\",\"contentUrl\":\"https:\\\/\\\/secure.gravatar.com\\\/avatar\\\/f25168e12215ad42f58e5fb72881daaeb57bd4f907081046016f64bf167db59f?s=96&d=identicon&r=g\",\"caption\":\"Patrycja\"},\"url\":\"https:\\\/\\\/www.empikfoto.pl\\\/blog\\\/author\\\/patrycja\\\/\"}]}<\/script>\n<!-- \/ Yoast SEO plugin. -->","yoast_head_json":{"title":"Prezent na 100 urodziny - co da\u0107 na ten jubileusz? | Empik Foto","description":"Prezent na 100 urodziny - odkryj wyj\u0105tkowe pomys\u0142y na podarunek dla jubilata z okazji setnych urodzin. Wybierz niezapomniany prezent.","robots":{"index":"index","follow":"follow","max-snippet":"max-snippet:-1","max-image-preview":"max-image-preview:large","max-video-preview":"max-video-preview:-1"},"canonical":"https:\/\/www.empikfoto.pl\/blog\/prezent-na-100-urodziny-co-dac-na-ten-jubileusz\/","og_locale":"pl_PL","og_type":"article","og_title":"Prezent na 100 urodziny - co da\u0107 na ten jubileusz? | Empik Foto","og_description":"Prezent na 100 urodziny - odkryj wyj\u0105tkowe pomys\u0142y na podarunek dla jubilata z okazji setnych urodzin. Wybierz niezapomniany prezent.","og_url":"https:\/\/www.empikfoto.pl\/blog\/prezent-na-100-urodziny-co-dac-na-ten-jubileusz\/","og_site_name":"blog.empikfoto.pl","article_publisher":"https:\/\/www.facebook.com\/empikfotopl\/","article_published_time":"2018-05-22T14:28:36+00:00","article_modified_time":"2023-07-27T10:54:11+00:00","og_image":[{"width":2250,"height":1500,"url":"https:\/\/www.empikfoto.pl\/blog\/empikfoto\/2018\/05\/pexels-photo-3768136.jpeg","type":"image\/jpeg"}],"author":"Patrycja","twitter_card":"summary_large_image","twitter_creator":"@empikfoto","twitter_site":"@empikfoto","twitter_misc":{"Napisane przez":"Patrycja","Szacowany czas czytania":"4 minuty"},"schema":{"@context":"https:\/\/schema.org","@graph":[{"@type":"Article","@id":"https:\/\/www.empikfoto.pl\/blog\/prezent-na-100-urodziny-co-dac-na-ten-jubileusz\/#article","isPartOf":{"@id":"https:\/\/www.empikfoto.pl\/blog\/prezent-na-100-urodziny-co-dac-na-ten-jubileusz\/"},"author":{"name":"Patrycja","@id":"https:\/\/www.empikfoto.pl\/blog\/#\/schema\/person\/0313802ca5dac502e3266853c59632c0"},"headline":"Prezent na 100 urodziny &#8211; co da\u0107 na ten wspania\u0142y jubileusz?","datePublished":"2018-05-22T14:28:36+00:00","dateModified":"2023-07-27T10:54:11+00:00","mainEntityOfPage":{"@id":"https:\/\/www.empikfoto.pl\/blog\/prezent-na-100-urodziny-co-dac-na-ten-jubileusz\/"},"wordCount":543,"image":{"@id":"https:\/\/www.empikfoto.pl\/blog\/prezent-na-100-urodziny-co-dac-na-ten-jubileusz\/#primaryimage"},"thumbnailUrl":"https:\/\/www.empikfoto.pl\/blog\/empikfoto\/2018\/05\/pexels-photo-3768136.jpeg","articleSection":["Pomys\u0142y na prezent"],"inLanguage":"pl-PL"},{"@type":"WebPage","@id":"https:\/\/www.empikfoto.pl\/blog\/prezent-na-100-urodziny-co-dac-na-ten-jubileusz\/","url":"https:\/\/www.empikfoto.pl\/blog\/prezent-na-100-urodziny-co-dac-na-ten-jubileusz\/","name":"Prezent na 100 urodziny - co da\u0107 na ten jubileusz? | Empik Foto","isPartOf":{"@id":"https:\/\/www.empikfoto.pl\/blog\/#website"},"primaryImageOfPage":{"@id":"https:\/\/www.empikfoto.pl\/blog\/prezent-na-100-urodziny-co-dac-na-ten-jubileusz\/#primaryimage"},"image":{"@id":"https:\/\/www.empikfoto.pl\/blog\/prezent-na-100-urodziny-co-dac-na-ten-jubileusz\/#primaryimage"},"thumbnailUrl":"https:\/\/www.empikfoto.pl\/blog\/empikfoto\/2018\/05\/pexels-photo-3768136.jpeg","datePublished":"2018-05-22T14:28:36+00:00","dateModified":"2023-07-27T10:54:11+00:00","author":{"@id":"https:\/\/www.empikfoto.pl\/blog\/#\/schema\/person\/0313802ca5dac502e3266853c59632c0"},"description":"Prezent na 100 urodziny - odkryj wyj\u0105tkowe pomys\u0142y na podarunek dla jubilata z okazji setnych urodzin. Wybierz niezapomniany prezent.","breadcrumb":{"@id":"https:\/\/www.empikfoto.pl\/blog\/prezent-na-100-urodziny-co-dac-na-ten-jubileusz\/#breadcrumb"},"inLanguage":"pl-PL","potentialAction":[{"@type":"ReadAction","target":["https:\/\/www.empikfoto.pl\/blog\/prezent-na-100-urodziny-co-dac-na-ten-jubileusz\/"]}]},{"@type":"ImageObject","inLanguage":"pl-PL","@id":"https:\/\/www.empikfoto.pl\/blog\/prezent-na-100-urodziny-co-dac-na-ten-jubileusz\/#primaryimage","url":"https:\/\/www.empikfoto.pl\/blog\/empikfoto\/2018\/05\/pexels-photo-3768136.jpeg","contentUrl":"https:\/\/www.empikfoto.pl\/blog\/empikfoto\/2018\/05\/pexels-photo-3768136.jpeg","width":2250,"height":1500},{"@type":"BreadcrumbList","@id":"https:\/\/www.empikfoto.pl\/blog\/prezent-na-100-urodziny-co-dac-na-ten-jubileusz\/#breadcrumb","itemListElement":[{"@type":"ListItem","position":1,"name":"Strona g\u0142\u00f3wna","item":"https:\/\/www.empikfoto.pl\/blog\/"},{"@type":"ListItem","position":2,"name":"Prezent na 100 urodziny &#8211; co da\u0107 na ten wspania\u0142y jubileusz?"}]},{"@type":"WebSite","@id":"https:\/\/www.empikfoto.pl\/blog\/#website","url":"https:\/\/www.empikfoto.pl\/blog\/","name":"blog.empikfoto.pl","description":"Poznaj empikfoto.pl od \u015brodka! Dowiedz si\u0119 wi\u0119cej o odbitkach, fotoksi\u0105\u017ckach i fotografii.","potentialAction":[{"@type":"SearchAction","target":{"@type":"EntryPoint","urlTemplate":"https:\/\/www.empikfoto.pl\/blog\/?s={search_term_string}"},"query-input":{"@type":"PropertyValueSpecification","valueRequired":true,"valueName":"search_term_string"}}],"inLanguage":"pl-PL"},{"@type":"Person","@id":"https:\/\/www.empikfoto.pl\/blog\/#\/schema\/person\/0313802ca5dac502e3266853c59632c0","name":"Patrycja","image":{"@type":"ImageObject","inLanguage":"pl-PL","@id":"https:\/\/secure.gravatar.com\/avatar\/f25168e12215ad42f58e5fb72881daaeb57bd4f907081046016f64bf167db59f?s=96&d=identicon&r=g","url":"https:\/\/secure.gravatar.com\/avatar\/f25168e12215ad42f58e5fb72881daaeb57bd4f907081046016f64bf167db59f?s=96&d=identicon&r=g","contentUrl":"https:\/\/secure.gravatar.com\/avatar\/f25168e12215ad42f58e5fb72881daaeb57bd4f907081046016f64bf167db59f?s=96&d=identicon&r=g","caption":"Patrycja"},"url":"https:\/\/www.empikfoto.pl\/blog\/author\/patrycja\/"}]}},"amp_enabled":true,"_links":{"self":[{"href":"https:\/\/www.empikfoto.pl\/blog\/wp-json\/wp\/v2\/posts\/9710","targetHints":{"allow":["GET"]}}],"collection":[{"href":"https:\/\/www.empikfoto.pl\/blog\/wp-json\/wp\/v2\/posts"}],"about":[{"href":"https:\/\/www.empikfoto.pl\/blog\/wp-json\/wp\/v2\/types\/post"}],"author":[{"embeddable":true,"href":"https:\/\/www.empikfoto.pl\/blog\/wp-json\/wp\/v2\/users\/16"}],"replies":[{"embeddable":true,"href":"https:\/\/www.empikfoto.pl\/blog\/wp-json\/wp\/v2\/comments?post=9710"}],"version-history":[{"count":5,"href":"https:\/\/www.empikfoto.pl\/blog\/wp-json\/wp\/v2\/posts\/9710\/revisions"}],"predecessor-version":[{"id":12515,"href":"https:\/\/www.empikfoto.pl\/blog\/wp-json\/wp\/v2\/posts\/9710\/revisions\/12515"}],"wp:featuredmedia":[{"embeddable":true,"href":"https:\/\/www.empikfoto.pl\/blog\/wp-json\/wp\/v2\/media\/9922"}],"wp:attachment":[{"href":"https:\/\/www.empikfoto.pl\/blog\/wp-json\/wp\/v2\/media?parent=9710"}],"wp:term":[{"taxonomy":"category","embeddable":true,"href":"https:\/\/www.empikfoto.pl\/blog\/wp-json\/wp\/v2\/categories?post=9710"},{"taxonomy":"post_tag","embeddable":true,"href":"https:\/\/www.empikfoto.pl\/blog\/wp-json\/wp\/v2\/tags?post=9710"}],"curies":[{"name":"wp","href":"https:\/\/api.w.org\/{rel}","templated":true}]}}