{"id":9768,"date":"2018-03-30T10:49:37","date_gmt":"2018-03-30T08:49:37","guid":{"rendered":"https:\/\/blog.empikfoto.pl\/?p=9768"},"modified":"2023-06-30T08:28:17","modified_gmt":"2023-06-30T06:28:17","slug":"najlepszy-prezent-zakonczenie-roku-szkolnego","status":"publish","type":"post","link":"https:\/\/www.empikfoto.pl\/blog\/najlepszy-prezent-zakonczenie-roku-szkolnego\/","title":{"rendered":"Najlepszy prezent na zako\u0144czenie roku szkolnego"},"content":{"rendered":"<p><strong>Rok szkolny dobieg\u0142 ko\u0144ca, a przed nami dwa miesi\u0105ce wakacji. Kiedy to zlecia\u0142o?! Ale zanim zacznie si\u0119 wypoczynek, warto z pomp\u0105 zako\u0144czy\u0107 zmagania szkolne. W jaki spos\u00f3b? Warto przygotowa\u0107 wyj\u0105tkowy prezent na zako\u0144czenie roku szkolnego. Jaki? Poznaj nasze propozycje i znajd\u017a idealn\u0105 inspiracj\u0119 dla ucznia i dla nauczyciela!<\/strong><!--more--><\/p>\n<p>Chocia\u017c wielu uczni\u00f3w z ut\u0119sknieniem czeka na ostatni dzwonek szkolny, po kilku tygodniach wakacji\u2026 wielu zaczyna z sentymentem wspomina\u0107 szkolne dni. By\u0107 mo\u017ce nie stres przed trudnym sprawdzianem, ale wyj\u0105tkow\u0105 atmosfer\u0119 w klasie, psikusa zrobionego ulubionej nauczycielce czy wsp\u00f3\u0142prac\u0119 podczas lekcji. Warto wtedy mie\u0107 pod r\u0119k\u0105 pami\u0105tk\u0119, kt\u00f3ra przypomni o tamtych chwilach.<\/p>\n<p>Z sentymentem szkolne dni wspominaj\u0105 r\u00f3wnie\u017c nauczyciele \u2013 oni tak\u017ce t\u0119skni\u0105 za swoimi uczniami i klimatem panuj\u0105cym w klasie. A skoro tak, <strong>warto zadba\u0107, aby prezent na zako\u0144czenie roku szkolnego mia\u0142 warto\u015b\u0107 sentymentaln\u0105<\/strong>. Do jego przygotowania wykorzystaj zdj\u0119cia, kreatywno\u015b\u0107 i aplikacj\u0119 Empik Foto. A co zaprojektowa\u0107? Zobacz kilka naszych sugestii.<\/p>\n<h2>Prezent na zako\u0144czenie roku szkolnego dla ucznia<\/h2>\n<p>Chcesz jako rodzic przygotowa\u0107 prezent na zako\u0144czenie roku szkolnego dla swojej pociechy? \u015awietny pomys\u0142! W takiej sytuacji \u015bwietnie sprawdz\u0105 si\u0119 np.:<\/p>\n<ul>\n<li>plakat, kt\u00f3ry graficznie b\u0119dzie nawi\u0105zywa\u0142 do \u015bwiadectwa lub metryczki \u2013 niech stanie si\u0119 Dyplomem Najlepszego Ucznia w rodzinie,<\/li>\n<li>fotoksi\u0105\u017cka z zamkni\u0119tymi na zdj\u0119ciach najpi\u0119kniejszymi chwilami z roku szkolnego,<\/li>\n<li><a href=\"https:\/\/www.empikfoto.pl\/puzzle,kolorowa-szkola\">fotopuzzle ze zdj\u0119ciem<\/a> na zako\u0144czenie roku szkolnego,<\/li>\n<li>fotokubek z napisem \u201eNajlepszy Ucze\u0144!\u201d<\/li>\n<\/ul>\n<p>Prezent jest przygotowywany dla wszystkich uczni\u00f3w w klasie? Je\u017celi tak, dobrze spisz\u0105 si\u0119:<\/p>\n<ul>\n<li><a href=\"https:\/\/www.empikfoto.pl\/fotoksiazki\/tematy\/szkola\">fotoksi\u0105\u017cka szkolna<\/a> ze wspomnieniami klasowymi \u2013 tymi bardziej i mniej oficjalnymi,<\/li>\n<li><a href=\"https:\/\/www.empikfoto.pl\/plakat,tablo-klasyczne-czarna-ramka\">plakat-tablo<\/a> ze zdj\u0119ciami wszystkich uczni\u00f3w \u2013 np. na plakacie w ramce (odpowiedni szablon znajdziesz na Empik Foto),<\/li>\n<li>fotokubek ze zdj\u0119ciem klasowym.<\/li>\n<\/ul>\n<p>Warto te\u017c pomy\u015ble\u0107 o magnesach ze zdj\u0119ciem czy brelokach na klucze, na kt\u00f3rych znajdzie si\u0119 logo klasy.<\/p>\n<h2><strong>Prezent na zako\u0144czenie roku szkolnego dla nauczyciela<\/strong><\/h2>\n<p>Na zako\u0144czenie roku szkolnego warto obdarowa\u0107 nie tylko uczni\u00f3w, ale i <a href=\"https:\/\/www.empikfoto.pl\/blog\/jaki-prezent-dla-nauczyciela-na-koniec-roku\/\">nauczycieli<\/a>, a w szczeg\u00f3lno\u015bci klasowego <a href=\"https:\/\/www.empikfoto.pl\/blog\/co-kupic-wychowawcy-na-zakonczenie-roku-szkolnego\/\">wychowawc\u0119<\/a>. Dla niego r\u00f3wnie\u017c warto przygotowa\u0107 fotoprezent od serca. Co wywo\u0142a u\u015bmiech na jego ustach?<\/p>\n<h3><strong>Magnesy ze zdj\u0119ciami uczni\u00f3w<\/strong><\/h3>\n<p>Mo\u017cna ich przygotowa\u0107 nawet tyle, ilu jest Was w klasie! Niech ka\u017cdy z nich prezentuje mini-portret jednej osoby, najlepiej taki z przymru\u017ceniem oka. Nauczyciel mo\u017ce je potem przyklei\u0107 na swoj\u0105 lod\u00f3wk\u0119 albo\u2026 wykorzysta\u0107 podczas zaj\u0119\u0107 z Wasz\u0105 klas\u0105 w kolejnym roku szkolnym!<\/p>\n<h3><strong>Puzzle ze zdj\u0119ciem klasowym<\/strong><\/h3>\n<p>Zapewni\u0105 nauczycielowi \u015bwietn\u0105 rozrywk\u0119, a po z\u0142o\u017ceniu stan\u0105 si\u0119 wyj\u0105tkow\u0105 dekoracj\u0105, na widok kt\u00f3rej nie spos\u00f3b si\u0119 nie u\u015bmiechn\u0105\u0107. Do kompletu mo\u017cna zam\u00f3wi\u0107 pasuj\u0105c\u0105 ramk\u0119!<\/p>\n<h3><strong>Kubek najlepszego nauczyciela<\/strong><\/h3>\n<p>Klasyczny, z nadrukiem, albo ten w wersji \u201emagicznej\u201d, kt\u00f3ry ods\u0142ania zdj\u0119cie dopiero po zalaniu naczynia gor\u0105cym napojem. Mo\u017cesz samodzielnie przygotowa\u0107 nadruk w zewn\u0119trznym programie graficznym albo posi\u0142kowa\u0107 si\u0119 gotowymi szablonami z Empik Foto.<\/p>\n<h3><strong>Fotoksi\u0105\u017cka klasowa<\/strong><\/h3>\n<p>Taka, kt\u00f3ra b\u0119dzie podsumowaniem ostatniego roku szkolnego albo \u2013 je\u015bli upominek tego typu jest wr\u0119czany pierwszy raz \u2013 wszystkich lat, kt\u00f3re klasa sp\u0119dzi\u0142a z wychowawc\u0105.<\/p>\n<p>Warto pomy\u015ble\u0107 r\u00f3wnie\u017c o notesie personalizowanym czy te\u017c kalendarzu. Na Empik Foto mo\u017cesz zam\u00f3wi\u0107 kalendarz rozpoczynaj\u0105cy si\u0119 od dowolnego miesi\u0105ca roku. Czemu wi\u0119c nie ma si\u0119 zaczyna\u0107 w lipcu, na wakacje? Na ka\u017cdej ze stronic mo\u017cna umie\u015bci\u0107 jedno z zabawnych zdj\u0119\u0107 ze szkolnymi wspomnieniami, a jako ok\u0142adk\u0119 wybra\u0107 fotografi\u0119 klasow\u0105. <strong>Taki kalendarz mo\u017ce by\u0107 r\u00f3wnie\u017c dobrym gad\u017cetem dla uczni\u00f3w na zako\u0144czenie roku szkolnego<\/strong>.<\/p>\n<p>Bez wzgl\u0119du na to, czy zdecydujesz si\u0119 na drobny upominek, czy na poka\u017any fotoprezent na zako\u0144czenie roku szkolnego, to b\u0119dzie strza\u0142 w dziesi\u0105tk\u0119. Przygotujesz pami\u0105tk\u0119 na lata. Spr\u00f3buj!<\/p>\n","protected":false},"excerpt":{"rendered":"<p>Rok szkolny dobieg\u0142 ko\u0144ca, a przed nami dwa miesi\u0105ce wakacji. Kiedy to zlecia\u0142o?! Ale zanim zacznie si\u0119 wypoczynek, warto z pomp\u0105 zako\u0144czy\u0107 zmagania szkolne. W jaki spos\u00f3b? Warto przygotowa\u0107 wyj\u0105tkowy prezent na zako\u0144czenie roku szkolnego. Jaki? Poznaj nasze propozycje i znajd\u017a idealn\u0105 inspiracj\u0119 dla ucznia i dla nauczyciela!<\/p>\n","protected":false},"author":16,"featured_media":11898,"comment_status":"closed","ping_status":"closed","sticky":false,"template":"","format":"standard","meta":{"footnotes":""},"categories":[786],"tags":[1097,1098],"class_list":["post-9768","post","type-post","status-publish","format-standard","has-post-thumbnail","hentry","category-inspiracje","tag-szkola","tag-zakonczenie-roku-szkolnego"],"yoast_head":"<!-- This site is optimized with the Yoast SEO plugin v27.5 - https:\/\/yoast.com\/product\/yoast-seo-wordpress\/ -->\n<title>Najlepszy prezent na zako\u0144czenie roku szkolnego | Empik Foto<\/title>\n<meta name=\"description\" content=\"Zastanawiasz si\u0119, jaki jest najlepszy prezent na zako\u0144czenie roku szkolnego dla ucznia i nauczyciela? Personalizowany! Sprawd\u017a propozycje.\" \/>\n<meta name=\"robots\" content=\"index, follow, max-snippet:-1, max-image-preview:large, max-video-preview:-1\" \/>\n<link rel=\"canonical\" href=\"https:\/\/www.empikfoto.pl\/blog\/najlepszy-prezent-zakonczenie-roku-szkolnego\/\" \/>\n<meta property=\"og:locale\" content=\"pl_PL\" \/>\n<meta property=\"og:type\" content=\"article\" \/>\n<meta property=\"og:title\" content=\"Najlepszy prezent na zako\u0144czenie roku szkolnego | Empik Foto\" \/>\n<meta property=\"og:description\" content=\"Zastanawiasz si\u0119, jaki jest najlepszy prezent na zako\u0144czenie roku szkolnego dla ucznia i nauczyciela? Personalizowany! Sprawd\u017a propozycje.\" \/>\n<meta property=\"og:url\" content=\"https:\/\/www.empikfoto.pl\/blog\/najlepszy-prezent-zakonczenie-roku-szkolnego\/\" \/>\n<meta property=\"og:site_name\" content=\"blog.empikfoto.pl\" \/>\n<meta property=\"article:publisher\" content=\"https:\/\/www.facebook.com\/empikfotopl\/\" \/>\n<meta property=\"article:published_time\" content=\"2018-03-30T08:49:37+00:00\" \/>\n<meta property=\"article:modified_time\" content=\"2023-06-30T06:28:17+00:00\" \/>\n<meta property=\"og:image\" content=\"https:\/\/www.empikfoto.pl\/blog\/empikfoto\/2018\/03\/prezent-na-zakonczenie-roku-szkolnego.jpg\" \/>\n\t<meta property=\"og:image:width\" content=\"1280\" \/>\n\t<meta property=\"og:image:height\" content=\"853\" \/>\n\t<meta property=\"og:image:type\" content=\"image\/jpeg\" \/>\n<meta name=\"author\" content=\"Patrycja\" \/>\n<meta name=\"twitter:card\" content=\"summary_large_image\" \/>\n<meta name=\"twitter:creator\" content=\"@empikfoto\" \/>\n<meta name=\"twitter:site\" content=\"@empikfoto\" \/>\n<meta name=\"twitter:label1\" content=\"Napisane przez\" \/>\n\t<meta name=\"twitter:data1\" content=\"Patrycja\" \/>\n\t<meta name=\"twitter:label2\" content=\"Szacowany czas czytania\" \/>\n\t<meta name=\"twitter:data2\" content=\"4 minuty\" \/>\n<script type=\"application\/ld+json\" class=\"yoast-schema-graph\">{\"@context\":\"https:\\\/\\\/schema.org\",\"@graph\":[{\"@type\":\"Article\",\"@id\":\"https:\\\/\\\/www.empikfoto.pl\\\/blog\\\/najlepszy-prezent-zakonczenie-roku-szkolnego\\\/#article\",\"isPartOf\":{\"@id\":\"https:\\\/\\\/www.empikfoto.pl\\\/blog\\\/najlepszy-prezent-zakonczenie-roku-szkolnego\\\/\"},\"author\":{\"name\":\"Patrycja\",\"@id\":\"https:\\\/\\\/www.empikfoto.pl\\\/blog\\\/#\\\/schema\\\/person\\\/0313802ca5dac502e3266853c59632c0\"},\"headline\":\"Najlepszy prezent na zako\u0144czenie roku szkolnego\",\"datePublished\":\"2018-03-30T08:49:37+00:00\",\"dateModified\":\"2023-06-30T06:28:17+00:00\",\"mainEntityOfPage\":{\"@id\":\"https:\\\/\\\/www.empikfoto.pl\\\/blog\\\/najlepszy-prezent-zakonczenie-roku-szkolnego\\\/\"},\"wordCount\":652,\"image\":{\"@id\":\"https:\\\/\\\/www.empikfoto.pl\\\/blog\\\/najlepszy-prezent-zakonczenie-roku-szkolnego\\\/#primaryimage\"},\"thumbnailUrl\":\"https:\\\/\\\/www.empikfoto.pl\\\/blog\\\/empikfoto\\\/2018\\\/03\\\/prezent-na-zakonczenie-roku-szkolnego.jpg\",\"keywords\":[\"szko\u0142a\",\"zako\u0144czenie roku szkolnego\"],\"articleSection\":[\"INSPIRACJE\"],\"inLanguage\":\"pl-PL\"},{\"@type\":\"WebPage\",\"@id\":\"https:\\\/\\\/www.empikfoto.pl\\\/blog\\\/najlepszy-prezent-zakonczenie-roku-szkolnego\\\/\",\"url\":\"https:\\\/\\\/www.empikfoto.pl\\\/blog\\\/najlepszy-prezent-zakonczenie-roku-szkolnego\\\/\",\"name\":\"Najlepszy prezent na zako\u0144czenie roku szkolnego | Empik Foto\",\"isPartOf\":{\"@id\":\"https:\\\/\\\/www.empikfoto.pl\\\/blog\\\/#website\"},\"primaryImageOfPage\":{\"@id\":\"https:\\\/\\\/www.empikfoto.pl\\\/blog\\\/najlepszy-prezent-zakonczenie-roku-szkolnego\\\/#primaryimage\"},\"image\":{\"@id\":\"https:\\\/\\\/www.empikfoto.pl\\\/blog\\\/najlepszy-prezent-zakonczenie-roku-szkolnego\\\/#primaryimage\"},\"thumbnailUrl\":\"https:\\\/\\\/www.empikfoto.pl\\\/blog\\\/empikfoto\\\/2018\\\/03\\\/prezent-na-zakonczenie-roku-szkolnego.jpg\",\"datePublished\":\"2018-03-30T08:49:37+00:00\",\"dateModified\":\"2023-06-30T06:28:17+00:00\",\"author\":{\"@id\":\"https:\\\/\\\/www.empikfoto.pl\\\/blog\\\/#\\\/schema\\\/person\\\/0313802ca5dac502e3266853c59632c0\"},\"description\":\"Zastanawiasz si\u0119, jaki jest najlepszy prezent na zako\u0144czenie roku szkolnego dla ucznia i nauczyciela? Personalizowany! Sprawd\u017a propozycje.\",\"breadcrumb\":{\"@id\":\"https:\\\/\\\/www.empikfoto.pl\\\/blog\\\/najlepszy-prezent-zakonczenie-roku-szkolnego\\\/#breadcrumb\"},\"inLanguage\":\"pl-PL\",\"potentialAction\":[{\"@type\":\"ReadAction\",\"target\":[\"https:\\\/\\\/www.empikfoto.pl\\\/blog\\\/najlepszy-prezent-zakonczenie-roku-szkolnego\\\/\"]}]},{\"@type\":\"ImageObject\",\"inLanguage\":\"pl-PL\",\"@id\":\"https:\\\/\\\/www.empikfoto.pl\\\/blog\\\/najlepszy-prezent-zakonczenie-roku-szkolnego\\\/#primaryimage\",\"url\":\"https:\\\/\\\/www.empikfoto.pl\\\/blog\\\/empikfoto\\\/2018\\\/03\\\/prezent-na-zakonczenie-roku-szkolnego.jpg\",\"contentUrl\":\"https:\\\/\\\/www.empikfoto.pl\\\/blog\\\/empikfoto\\\/2018\\\/03\\\/prezent-na-zakonczenie-roku-szkolnego.jpg\",\"width\":1280,\"height\":853,\"caption\":\"prezent na zako\u0144czenie roku szkolnego\"},{\"@type\":\"BreadcrumbList\",\"@id\":\"https:\\\/\\\/www.empikfoto.pl\\\/blog\\\/najlepszy-prezent-zakonczenie-roku-szkolnego\\\/#breadcrumb\",\"itemListElement\":[{\"@type\":\"ListItem\",\"position\":1,\"name\":\"Strona g\u0142\u00f3wna\",\"item\":\"https:\\\/\\\/www.empikfoto.pl\\\/blog\\\/\"},{\"@type\":\"ListItem\",\"position\":2,\"name\":\"Najlepszy prezent na zako\u0144czenie roku szkolnego\"}]},{\"@type\":\"WebSite\",\"@id\":\"https:\\\/\\\/www.empikfoto.pl\\\/blog\\\/#website\",\"url\":\"https:\\\/\\\/www.empikfoto.pl\\\/blog\\\/\",\"name\":\"blog.empikfoto.pl\",\"description\":\"Poznaj empikfoto.pl od \u015brodka! Dowiedz si\u0119 wi\u0119cej o odbitkach, fotoksi\u0105\u017ckach i fotografii.\",\"potentialAction\":[{\"@type\":\"SearchAction\",\"target\":{\"@type\":\"EntryPoint\",\"urlTemplate\":\"https:\\\/\\\/www.empikfoto.pl\\\/blog\\\/?s={search_term_string}\"},\"query-input\":{\"@type\":\"PropertyValueSpecification\",\"valueRequired\":true,\"valueName\":\"search_term_string\"}}],\"inLanguage\":\"pl-PL\"},{\"@type\":\"Person\",\"@id\":\"https:\\\/\\\/www.empikfoto.pl\\\/blog\\\/#\\\/schema\\\/person\\\/0313802ca5dac502e3266853c59632c0\",\"name\":\"Patrycja\",\"image\":{\"@type\":\"ImageObject\",\"inLanguage\":\"pl-PL\",\"@id\":\"https:\\\/\\\/secure.gravatar.com\\\/avatar\\\/f25168e12215ad42f58e5fb72881daaeb57bd4f907081046016f64bf167db59f?s=96&d=identicon&r=g\",\"url\":\"https:\\\/\\\/secure.gravatar.com\\\/avatar\\\/f25168e12215ad42f58e5fb72881daaeb57bd4f907081046016f64bf167db59f?s=96&d=identicon&r=g\",\"contentUrl\":\"https:\\\/\\\/secure.gravatar.com\\\/avatar\\\/f25168e12215ad42f58e5fb72881daaeb57bd4f907081046016f64bf167db59f?s=96&d=identicon&r=g\",\"caption\":\"Patrycja\"},\"url\":\"https:\\\/\\\/www.empikfoto.pl\\\/blog\\\/author\\\/patrycja\\\/\"}]}<\/script>\n<!-- \/ Yoast SEO plugin. -->","yoast_head_json":{"title":"Najlepszy prezent na zako\u0144czenie roku szkolnego | Empik Foto","description":"Zastanawiasz si\u0119, jaki jest najlepszy prezent na zako\u0144czenie roku szkolnego dla ucznia i nauczyciela? Personalizowany! Sprawd\u017a propozycje.","robots":{"index":"index","follow":"follow","max-snippet":"max-snippet:-1","max-image-preview":"max-image-preview:large","max-video-preview":"max-video-preview:-1"},"canonical":"https:\/\/www.empikfoto.pl\/blog\/najlepszy-prezent-zakonczenie-roku-szkolnego\/","og_locale":"pl_PL","og_type":"article","og_title":"Najlepszy prezent na zako\u0144czenie roku szkolnego | Empik Foto","og_description":"Zastanawiasz si\u0119, jaki jest najlepszy prezent na zako\u0144czenie roku szkolnego dla ucznia i nauczyciela? Personalizowany! Sprawd\u017a propozycje.","og_url":"https:\/\/www.empikfoto.pl\/blog\/najlepszy-prezent-zakonczenie-roku-szkolnego\/","og_site_name":"blog.empikfoto.pl","article_publisher":"https:\/\/www.facebook.com\/empikfotopl\/","article_published_time":"2018-03-30T08:49:37+00:00","article_modified_time":"2023-06-30T06:28:17+00:00","og_image":[{"width":1280,"height":853,"url":"https:\/\/www.empikfoto.pl\/blog\/empikfoto\/2018\/03\/prezent-na-zakonczenie-roku-szkolnego.jpg","type":"image\/jpeg"}],"author":"Patrycja","twitter_card":"summary_large_image","twitter_creator":"@empikfoto","twitter_site":"@empikfoto","twitter_misc":{"Napisane przez":"Patrycja","Szacowany czas czytania":"4 minuty"},"schema":{"@context":"https:\/\/schema.org","@graph":[{"@type":"Article","@id":"https:\/\/www.empikfoto.pl\/blog\/najlepszy-prezent-zakonczenie-roku-szkolnego\/#article","isPartOf":{"@id":"https:\/\/www.empikfoto.pl\/blog\/najlepszy-prezent-zakonczenie-roku-szkolnego\/"},"author":{"name":"Patrycja","@id":"https:\/\/www.empikfoto.pl\/blog\/#\/schema\/person\/0313802ca5dac502e3266853c59632c0"},"headline":"Najlepszy prezent na zako\u0144czenie roku szkolnego","datePublished":"2018-03-30T08:49:37+00:00","dateModified":"2023-06-30T06:28:17+00:00","mainEntityOfPage":{"@id":"https:\/\/www.empikfoto.pl\/blog\/najlepszy-prezent-zakonczenie-roku-szkolnego\/"},"wordCount":652,"image":{"@id":"https:\/\/www.empikfoto.pl\/blog\/najlepszy-prezent-zakonczenie-roku-szkolnego\/#primaryimage"},"thumbnailUrl":"https:\/\/www.empikfoto.pl\/blog\/empikfoto\/2018\/03\/prezent-na-zakonczenie-roku-szkolnego.jpg","keywords":["szko\u0142a","zako\u0144czenie roku szkolnego"],"articleSection":["INSPIRACJE"],"inLanguage":"pl-PL"},{"@type":"WebPage","@id":"https:\/\/www.empikfoto.pl\/blog\/najlepszy-prezent-zakonczenie-roku-szkolnego\/","url":"https:\/\/www.empikfoto.pl\/blog\/najlepszy-prezent-zakonczenie-roku-szkolnego\/","name":"Najlepszy prezent na zako\u0144czenie roku szkolnego | Empik Foto","isPartOf":{"@id":"https:\/\/www.empikfoto.pl\/blog\/#website"},"primaryImageOfPage":{"@id":"https:\/\/www.empikfoto.pl\/blog\/najlepszy-prezent-zakonczenie-roku-szkolnego\/#primaryimage"},"image":{"@id":"https:\/\/www.empikfoto.pl\/blog\/najlepszy-prezent-zakonczenie-roku-szkolnego\/#primaryimage"},"thumbnailUrl":"https:\/\/www.empikfoto.pl\/blog\/empikfoto\/2018\/03\/prezent-na-zakonczenie-roku-szkolnego.jpg","datePublished":"2018-03-30T08:49:37+00:00","dateModified":"2023-06-30T06:28:17+00:00","author":{"@id":"https:\/\/www.empikfoto.pl\/blog\/#\/schema\/person\/0313802ca5dac502e3266853c59632c0"},"description":"Zastanawiasz si\u0119, jaki jest najlepszy prezent na zako\u0144czenie roku szkolnego dla ucznia i nauczyciela? Personalizowany! Sprawd\u017a propozycje.","breadcrumb":{"@id":"https:\/\/www.empikfoto.pl\/blog\/najlepszy-prezent-zakonczenie-roku-szkolnego\/#breadcrumb"},"inLanguage":"pl-PL","potentialAction":[{"@type":"ReadAction","target":["https:\/\/www.empikfoto.pl\/blog\/najlepszy-prezent-zakonczenie-roku-szkolnego\/"]}]},{"@type":"ImageObject","inLanguage":"pl-PL","@id":"https:\/\/www.empikfoto.pl\/blog\/najlepszy-prezent-zakonczenie-roku-szkolnego\/#primaryimage","url":"https:\/\/www.empikfoto.pl\/blog\/empikfoto\/2018\/03\/prezent-na-zakonczenie-roku-szkolnego.jpg","contentUrl":"https:\/\/www.empikfoto.pl\/blog\/empikfoto\/2018\/03\/prezent-na-zakonczenie-roku-szkolnego.jpg","width":1280,"height":853,"caption":"prezent na zako\u0144czenie roku szkolnego"},{"@type":"BreadcrumbList","@id":"https:\/\/www.empikfoto.pl\/blog\/najlepszy-prezent-zakonczenie-roku-szkolnego\/#breadcrumb","itemListElement":[{"@type":"ListItem","position":1,"name":"Strona g\u0142\u00f3wna","item":"https:\/\/www.empikfoto.pl\/blog\/"},{"@type":"ListItem","position":2,"name":"Najlepszy prezent na zako\u0144czenie roku szkolnego"}]},{"@type":"WebSite","@id":"https:\/\/www.empikfoto.pl\/blog\/#website","url":"https:\/\/www.empikfoto.pl\/blog\/","name":"blog.empikfoto.pl","description":"Poznaj empikfoto.pl od \u015brodka! Dowiedz si\u0119 wi\u0119cej o odbitkach, fotoksi\u0105\u017ckach i fotografii.","potentialAction":[{"@type":"SearchAction","target":{"@type":"EntryPoint","urlTemplate":"https:\/\/www.empikfoto.pl\/blog\/?s={search_term_string}"},"query-input":{"@type":"PropertyValueSpecification","valueRequired":true,"valueName":"search_term_string"}}],"inLanguage":"pl-PL"},{"@type":"Person","@id":"https:\/\/www.empikfoto.pl\/blog\/#\/schema\/person\/0313802ca5dac502e3266853c59632c0","name":"Patrycja","image":{"@type":"ImageObject","inLanguage":"pl-PL","@id":"https:\/\/secure.gravatar.com\/avatar\/f25168e12215ad42f58e5fb72881daaeb57bd4f907081046016f64bf167db59f?s=96&d=identicon&r=g","url":"https:\/\/secure.gravatar.com\/avatar\/f25168e12215ad42f58e5fb72881daaeb57bd4f907081046016f64bf167db59f?s=96&d=identicon&r=g","contentUrl":"https:\/\/secure.gravatar.com\/avatar\/f25168e12215ad42f58e5fb72881daaeb57bd4f907081046016f64bf167db59f?s=96&d=identicon&r=g","caption":"Patrycja"},"url":"https:\/\/www.empikfoto.pl\/blog\/author\/patrycja\/"}]}},"amp_enabled":true,"_links":{"self":[{"href":"https:\/\/www.empikfoto.pl\/blog\/wp-json\/wp\/v2\/posts\/9768","targetHints":{"allow":["GET"]}}],"collection":[{"href":"https:\/\/www.empikfoto.pl\/blog\/wp-json\/wp\/v2\/posts"}],"about":[{"href":"https:\/\/www.empikfoto.pl\/blog\/wp-json\/wp\/v2\/types\/post"}],"author":[{"embeddable":true,"href":"https:\/\/www.empikfoto.pl\/blog\/wp-json\/wp\/v2\/users\/16"}],"replies":[{"embeddable":true,"href":"https:\/\/www.empikfoto.pl\/blog\/wp-json\/wp\/v2\/comments?post=9768"}],"version-history":[{"count":3,"href":"https:\/\/www.empikfoto.pl\/blog\/wp-json\/wp\/v2\/posts\/9768\/revisions"}],"predecessor-version":[{"id":11900,"href":"https:\/\/www.empikfoto.pl\/blog\/wp-json\/wp\/v2\/posts\/9768\/revisions\/11900"}],"wp:featuredmedia":[{"embeddable":true,"href":"https:\/\/www.empikfoto.pl\/blog\/wp-json\/wp\/v2\/media\/11898"}],"wp:attachment":[{"href":"https:\/\/www.empikfoto.pl\/blog\/wp-json\/wp\/v2\/media?parent=9768"}],"wp:term":[{"taxonomy":"category","embeddable":true,"href":"https:\/\/www.empikfoto.pl\/blog\/wp-json\/wp\/v2\/categories?post=9768"},{"taxonomy":"post_tag","embeddable":true,"href":"https:\/\/www.empikfoto.pl\/blog\/wp-json\/wp\/v2\/tags?post=9768"}],"curies":[{"name":"wp","href":"https:\/\/api.w.org\/{rel}","templated":true}]}}